{"id":160265,"date":"2025-11-21T17:35:14","date_gmt":"2025-11-21T17:35:14","guid":{"rendered":"https:\/\/www.europesays.com\/pt\/160265\/"},"modified":"2025-11-21T17:35:14","modified_gmt":"2025-11-21T17:35:14","slug":"helena-costa-ambiciosa-sonho-conquistar-titulos-no-estoril-estoril","status":"publish","type":"post","link":"https:\/\/www.europesays.com\/pt\/160265\/","title":{"rendered":"Helena Costa ambiciosa: \u00abSonho conquistar t\u00edtulos no Estoril\u00bb &#8211; Estoril"},"content":{"rendered":"<p>                    05:03<\/p>\n<p>Garantindo que os canarinhos pensam mais al\u00e9m do que a perman\u00eancia, dirigente aponta a uma &#8216;gracinha&#8217; nas ta\u00e7as<\/p>\n<p>        &#13;<br \/>\n            &#13;<br \/>\n            &#13;<\/p>\n<p class=\"\">&#13;<br \/>\n        <b>RECORD &#8211; O Estoril atravessa a melhor fase da \u00e9poca, com cinco jogos sem perder, a \u00faltima derrota foi com o Sporting e tangencial, duas vit\u00f3rias seguidas. Acredita que a equipa j\u00e1 estabilizou e que agora vai embalar?<\/b>&#13;\n    <\/p>\n<p>                        Para ler TODOS OS ARTIGOS RECORD PREMIUM durante o dia 21.11.2025 insira o seu n\u00famero de telem\u00f3vel e clique em OK<\/p>\n<p>Consulte a aplica\u00e7\u00e3o MBway no seu telem\u00f3vel e aceite a transa\u00e7\u00e3o&#13;\n                    <\/p>\n<p>                        Os seus dados n\u00e3o ser\u00e3o guardados pelo Record<\/p>\n<p>                    Por Nuno Miguel Ferreira<\/p>\n","protected":false},"excerpt":{"rendered":"05:03 Garantindo que os canarinhos pensam mais al\u00e9m do que a perman\u00eancia, dirigente aponta a uma &#8216;gracinha&#8217; nas&hellip;\n","protected":false},"author":2,"featured_media":160266,"comment_status":"","ping_status":"","sticky":false,"template":"","format":"standard","meta":{"footnotes":""},"categories":[87],"tags":[135,32,33,134],"class_list":{"0":"post-160265","1":"post","2":"type-post","3":"status-publish","4":"format-standard","5":"has-post-thumbnail","7":"category-desporto","8":"tag-desporto","9":"tag-portugal","10":"tag-pt","11":"tag-sports"},"share_on_mastodon":{"url":"https:\/\/pubeurope.com\/@pt\/115588898840218489","error":""},"_links":{"self":[{"href":"https:\/\/www.europesays.com\/pt\/wp-json\/wp\/v2\/posts\/160265","targetHints":{"allow":["GET"]}}],"collection":[{"href":"https:\/\/www.europesays.com\/pt\/wp-json\/wp\/v2\/posts"}],"about":[{"href":"https:\/\/www.europesays.com\/pt\/wp-json\/wp\/v2\/types\/post"}],"author":[{"embeddable":true,"href":"https:\/\/www.europesays.com\/pt\/wp-json\/wp\/v2\/users\/2"}],"replies":[{"embeddable":true,"href":"https:\/\/www.europesays.com\/pt\/wp-json\/wp\/v2\/comments?post=160265"}],"version-history":[{"count":0,"href":"https:\/\/www.europesays.com\/pt\/wp-json\/wp\/v2\/posts\/160265\/revisions"}],"wp:featuredmedia":[{"embeddable":true,"href":"https:\/\/www.europesays.com\/pt\/wp-json\/wp\/v2\/media\/160266"}],"wp:attachment":[{"href":"https:\/\/www.europesays.com\/pt\/wp-json\/wp\/v2\/media?parent=160265"}],"wp:term":[{"taxonomy":"category","embeddable":true,"href":"https:\/\/www.europesays.com\/pt\/wp-json\/wp\/v2\/categories?post=160265"},{"taxonomy":"post_tag","embeddable":true,"href":"https:\/\/www.europesays.com\/pt\/wp-json\/wp\/v2\/tags?post=160265"}],"curies":[{"name":"wp","href":"https:\/\/api.w.org\/{rel}","templated":true}]}}