{"id":160268,"date":"2025-11-21T17:39:12","date_gmt":"2025-11-21T17:39:12","guid":{"rendered":"https:\/\/www.europesays.com\/pt\/160268\/"},"modified":"2025-11-21T17:39:12","modified_gmt":"2025-11-21T17:39:12","slug":"empresas-portuguesas-fazem-diferenca-nas-grandes-construcoes-internacionais","status":"publish","type":"post","link":"https:\/\/www.europesays.com\/pt\/160268\/","title":{"rendered":"empresas portuguesas fazem diferen\u00e7a nas grandes constru\u00e7\u00f5es internacionais"},"content":{"rendered":"<p>        As portuguesas Martifer e By Steel t\u00eam marcado a diferen\u00e7a em v\u00e1rias obras de dimens\u00e3o internacional com uma marca de qualidade reconhecida em mercados muito exigentes. Os resultados dessa compet\u00eancia estiveram patentes no XV Congresso de Constru\u00e7\u00e3o Met\u00e1lica Mista e, em paralelo, do I Congresso de Engenharia de Fachadas \u2013 uma organiza\u00e7\u00e3o da CMM \u2013 Associa\u00e7\u00e3o Portuguesa de Constru\u00e7\u00e3o Met\u00e1lica e Mista, de que o JE \u00e9 media partner.    <\/p>\n<p>As empresas portuguesas est\u00e3o a dar cartas fora de Portugal, como \u00e9 o caso da Martifer que foi respons\u00e1vel pela constru\u00e7\u00e3o e montagem do teto do est\u00e1dio Santiago Bernab\u00e9u, em Madrid.<\/p>\n<p>No XV Congresso de Constru\u00e7\u00e3o Met\u00e1lica Mista e, em paralelo, do I Congresso de Engenharia de Fachadas \u2013 uma organiza\u00e7\u00e3o da CMM \u2013 Associa\u00e7\u00e3o Portuguesa de Constru\u00e7\u00e3o Met\u00e1lica e Mista, de que o Jornal Econ\u00f3mico \u00e9 media partner, Alejandro Lorca, arquiteto e diretor da L35, respons\u00e1vel pela constru\u00e7\u00e3o da fachada no \u00e2mbito da remodela\u00e7\u00e3o do m\u00edtico est\u00e1dio do Real Madrid, um projeto que considerou como \u201cdesafiante\u201d.<\/p>\n<p>Apesar da reforma da fachada ter estado ao encargo da empresa espanhola, a portuguesa Martifer teve oportunidade de contribuir para a nova imagem do est\u00e1dio, que contou com diversos testes, nomeadamente de reflexo, para n\u00e3o \u201cincomodar os vizinhos\u201d.<\/p>\n<p>Outra empresa que tem singrado l\u00e1 fora \u00e9 a portuguesa By Steel, que pertence ao grupo dst, e que est\u00e1 respons\u00e1vel por um projeto de constru\u00e7\u00e3o de gares da linha 18 em Paris. Tiago Silva, administrador e diretor t\u00e9cnico do departamento de Fachadas da By Steel, afirmou que \u201cFran\u00e7a est\u00e1 com uma grande aposta na malha urbana\u201d.<\/p>\n<p>Para al\u00e9m de estar respons\u00e1vel por este projeto a empresa continua a ser distinguida internacionalmente, tendo este ano conquistado o European Steel Design Award 2025, com o hotel londrino The Emory Hotel.<\/p>\n<p><strong>Futuro das fachadas tamb\u00e9m passa pela sustentabilidade<\/strong><\/p>\n<p>Para o professor da universidade de Delft, Mauro Overend, \u00e0 necessidade de ser mais eficiente nas fachadas, e tal passa pela \u201creutiliza\u00e7\u00e3o e reciclagem\u201d. H\u00e1 v\u00e1rias formas de reciclarmos e reutilizarmos, uma das formas que j\u00e1 est\u00e1 a ser utilizada \u00e9 atrav\u00e9s da utiliza\u00e7\u00e3o de restos agroalimentares ara criar novos produtos, como azulejos.<\/p>\n<p>J\u00e1 James O\u2019Callaghan, professor da universidade de Delft, sublinha que as fachadas tamb\u00e9m est\u00e3o associadas \u00e0 transpar\u00eancia, sendo que o vidro se torna numa pe\u00e7a fundamental. O professor foi respons\u00e1vel pela cria\u00e7\u00e3o de v\u00e1rias lojas da Apple, todas feitas em vidro, que na sua opini\u00e3o \u201cvai continuar a fazer parte do nosso futuro\u201d.<\/p>\n","protected":false},"excerpt":{"rendered":"As portuguesas Martifer e By Steel t\u00eam marcado a diferen\u00e7a em v\u00e1rias obras de dimens\u00e3o internacional com uma&hellip;\n","protected":false},"author":2,"featured_media":160269,"comment_status":"","ping_status":"","sticky":false,"template":"","format":"standard","meta":{"footnotes":""},"categories":[83],"tags":[88,34105,1426,11850,89,90,23349,32,33,33921],"class_list":{"0":"post-160268","1":"post","2":"type-post","3":"status-publish","4":"format-standard","5":"has-post-thumbnail","7":"category-empresas","8":"tag-business","9":"tag-cmm","10":"tag-congresso","11":"tag-construcao","12":"tag-economy","13":"tag-empresas","14":"tag-fachadas","15":"tag-portugal","16":"tag-pt","17":"tag-xv-congresso-de-construcao-metalica-mista"},"share_on_mastodon":{"url":"https:\/\/pubeurope.com\/@pt\/115588914596556399","error":""},"_links":{"self":[{"href":"https:\/\/www.europesays.com\/pt\/wp-json\/wp\/v2\/posts\/160268","targetHints":{"allow":["GET"]}}],"collection":[{"href":"https:\/\/www.europesays.com\/pt\/wp-json\/wp\/v2\/posts"}],"about":[{"href":"https:\/\/www.europesays.com\/pt\/wp-json\/wp\/v2\/types\/post"}],"author":[{"embeddable":true,"href":"https:\/\/www.europesays.com\/pt\/wp-json\/wp\/v2\/users\/2"}],"replies":[{"embeddable":true,"href":"https:\/\/www.europesays.com\/pt\/wp-json\/wp\/v2\/comments?post=160268"}],"version-history":[{"count":0,"href":"https:\/\/www.europesays.com\/pt\/wp-json\/wp\/v2\/posts\/160268\/revisions"}],"wp:featuredmedia":[{"embeddable":true,"href":"https:\/\/www.europesays.com\/pt\/wp-json\/wp\/v2\/media\/160269"}],"wp:attachment":[{"href":"https:\/\/www.europesays.com\/pt\/wp-json\/wp\/v2\/media?parent=160268"}],"wp:term":[{"taxonomy":"category","embeddable":true,"href":"https:\/\/www.europesays.com\/pt\/wp-json\/wp\/v2\/categories?post=160268"},{"taxonomy":"post_tag","embeddable":true,"href":"https:\/\/www.europesays.com\/pt\/wp-json\/wp\/v2\/tags?post=160268"}],"curies":[{"name":"wp","href":"https:\/\/api.w.org\/{rel}","templated":true}]}}