{"id":160272,"date":"2025-11-21T17:41:19","date_gmt":"2025-11-21T17:41:19","guid":{"rendered":"https:\/\/www.europesays.com\/pt\/160272\/"},"modified":"2025-11-21T17:41:19","modified_gmt":"2025-11-21T17:41:19","slug":"governo-desafia-familias-portuguesas-no-estrangeiro-a-falarem-portugues-em-casa","status":"publish","type":"post","link":"https:\/\/www.europesays.com\/pt\/160272\/","title":{"rendered":"Governo desafia fam\u00edlias portuguesas no estrangeiro a falarem portugu\u00eas em casa"},"content":{"rendered":"<p id=\"block-1\">O secret\u00e1rio de Estado das Comunidades, Em\u00eddio Sousa, desafiou hoje as fam\u00edlias portuguesas que vivem no estrangeiro a falarem portugu\u00eas em casa, para que as novas gera\u00e7\u00f5es n\u00e3o percam a liga\u00e7\u00e3o ao idioma.<\/p>\n<p id=\"block-2\">Em entrevista \u00e0 Lusa no Consulado Geral de Portugal em Nova Iorque, cidade por onde iniciou hoje uma visita aos Estados Unidos, Em\u00eddio Sousa indicou que, da sua parte, est\u00e1 a rever o regime jur\u00eddico do ensino do portugu\u00eas no estrangeiro, como ferramenta fundamental para &#8220;manter a portugalidade ativa&#8221;.<\/p>\n<p id=\"block-3\">&#8220;Este regime jur\u00eddico j\u00e1 n\u00e3o \u00e9 atualizado h\u00e1 19 anos, se a mem\u00f3ria n\u00e3o me falha, portanto, eu estou a ultimar esse projeto de revis\u00e3o do regime jur\u00eddico para tornar o ensino do portugu\u00eas mais atrativo&#8221;, disse, admitindo ter recebido algumas queixas de condi\u00e7\u00f5es salariais pouco atrativas em rela\u00e7\u00e3o ao ensino do portugu\u00eas nos Estados Unidos.<\/p>\n<p id=\"block-4\">&#8220;No que diz respeito ao [papel do] Governo, \u00e9 essencialmente a revis\u00e3o do regime jur\u00eddico, melhorar as condi\u00e7\u00f5es de frequ\u00eancia das aulas, a distribui\u00e7\u00e3o dos manuais, as aulas &#8216;online&#8217;. Portanto, isso \u00e9 todo um trabalho que o Governo portugu\u00eas est\u00e1 a fazer&#8221;, assegurou.<\/p>\n<p id=\"block-5\">Contudo, Em\u00eddio Sousa apelou \u00e0s comunidades portugueses que n\u00e3o se afastem da l\u00edngua portuguesa, frisando que o idioma \u00e9 uma &#8220;ferramenta importante para o futuro&#8221;.<\/p>\n<p id=\"block-6\">&#8220;O apelo permanente \u00e0s nossas comunidades \u00e9 que falem portugu\u00eas em casa. \u00c9 a maior e melhor ferramenta que n\u00f3s temos de aprendizagem da l\u00edngua. (&#8230;) Muitas vezes, a segunda e terceira gera\u00e7\u00e3o, \u00e0 medida que se v\u00e3o casando com os nativos, perdem um bocadinho esta liga\u00e7\u00e3o, mas eu costumo dizer que pode ser uma ferramenta importante at\u00e9 para o futuro. Ter compet\u00eancias a mais nunca \u00e9 problema&#8221;, observou.<\/p>\n<p id=\"block-7\">A l\u00edngua portuguesa n\u00e3o s\u00f3 \u00e9 uma das l\u00ednguas mais difundidas no mundo, com mais de 265 milh\u00f5es de falantes espalhados por todos os continentes, como \u00e9 tamb\u00e9m a l\u00edngua mais falada no hemisf\u00e9rio sul, de acordo com dados da UNESCO.<\/p>\n<p id=\"block-8\">&#8220;Portanto, eu desafio as fam\u00edlias, as pessoas a apostarem na nossa l\u00edngua&#8221;, acrescentou o secret\u00e1rio de Estado, pedindo \u00e0s fam\u00edlias que primeiro falem o idioma em casa e depois o aperfei\u00e7oem nas escolas portuguesas dos locais onde residem.<\/p>\n<p id=\"block-9\">Os Estados Unidos s\u00e3o um dos pa\u00edses onde o ensino de portugu\u00eas mais tem crescido, com mais de 20 mil alunos no ensino b\u00e1sico e secund\u00e1rio, e mais de dois mil estudantes no ensino superior, apoiados por mais de quatro centenas de professores, segundo dados oficiais, que apontam para um crescimento de 100% nos \u00faltimos 10 anos. <\/p>\n<p id=\"block-10\">A import\u00e2ncia dada pelo sistema educativo \u00e0 l\u00edngua portuguesa concretiza-se na sua acredita\u00e7\u00e3o como idioma de acesso ao ensino superior, atrav\u00e9s do exame &#8216;National Examinations in World Languages&#8217; (NEWL). <\/p>\n<p id=\"block-11\">O secret\u00e1rio de Estado das Comunidades Portuguesas iniciou hoje uma visita aos Estados Unidos, que passar\u00e1 pelos estados de Nova Iorque, Nova J\u00e9rsia, Massachusetts e Rhode Island, e que terminar\u00e1 na pr\u00f3xima quarta-feira.<\/p>\n<p id=\"block-12\">Na sua passagem por Nova Iorque, participou numa tert\u00falia cultural promovida pelo Consulado Geral de Portugal nessa cidade e esteve reunido com funcion\u00e1rios consulares, que lhe expuseram reivindica\u00e7\u00f5es de aumentos salariais, segundo indicou o pr\u00f3prio \u00e0 Lusa.<\/p>\n<p id=\"block-13\">Em\u00eddio Sousa destacou ainda a sua inten\u00e7\u00e3o de estar o mais pr\u00f3ximo poss\u00edvel das comunidades, considerando que a emigra\u00e7\u00e3o &#8220;faz parte do ADN&#8221; dos portugueses &#8220;h\u00e1 s\u00e9culos e o atual Governo est\u00e1 particularmente empenhado em acompanhar os portugueses no mundo&#8221; e, &#8220;acima de tudo, valorizar esses portugueses e cham\u00e1-los a um novo conceito de desenvolvimento do pa\u00eds&#8221;.<\/p>\n","protected":false},"excerpt":{"rendered":"O secret\u00e1rio de Estado das Comunidades, Em\u00eddio Sousa, desafiou hoje as fam\u00edlias portuguesas que vivem no estrangeiro a&hellip;\n","protected":false},"author":2,"featured_media":160273,"comment_status":"","ping_status":"","sticky":false,"template":"","format":"standard","meta":{"footnotes":""},"categories":[10],"tags":[27,28,15,16,14,25,26,21,22,12,13,19,20,32,23,24,33,17,18,29,30,31],"class_list":{"0":"post-160272","1":"post","2":"type-post","3":"status-publish","4":"format-standard","5":"has-post-thumbnail","7":"category-portugal","8":"tag-breaking-news","9":"tag-breakingnews","10":"tag-featured-news","11":"tag-featurednews","12":"tag-headlines","13":"tag-latest-news","14":"tag-latestnews","15":"tag-main-news","16":"tag-mainnews","17":"tag-news","18":"tag-noticias","19":"tag-noticias-principais","20":"tag-noticiasprincipais","21":"tag-portugal","22":"tag-principais-noticias","23":"tag-principaisnoticias","24":"tag-pt","25":"tag-top-stories","26":"tag-topstories","27":"tag-ultimas","28":"tag-ultimas-noticias","29":"tag-ultimasnoticias"},"share_on_mastodon":{"url":"https:\/\/pubeurope.com\/@pt\/115588922326637418","error":""},"_links":{"self":[{"href":"https:\/\/www.europesays.com\/pt\/wp-json\/wp\/v2\/posts\/160272","targetHints":{"allow":["GET"]}}],"collection":[{"href":"https:\/\/www.europesays.com\/pt\/wp-json\/wp\/v2\/posts"}],"about":[{"href":"https:\/\/www.europesays.com\/pt\/wp-json\/wp\/v2\/types\/post"}],"author":[{"embeddable":true,"href":"https:\/\/www.europesays.com\/pt\/wp-json\/wp\/v2\/users\/2"}],"replies":[{"embeddable":true,"href":"https:\/\/www.europesays.com\/pt\/wp-json\/wp\/v2\/comments?post=160272"}],"version-history":[{"count":0,"href":"https:\/\/www.europesays.com\/pt\/wp-json\/wp\/v2\/posts\/160272\/revisions"}],"wp:featuredmedia":[{"embeddable":true,"href":"https:\/\/www.europesays.com\/pt\/wp-json\/wp\/v2\/media\/160273"}],"wp:attachment":[{"href":"https:\/\/www.europesays.com\/pt\/wp-json\/wp\/v2\/media?parent=160272"}],"wp:term":[{"taxonomy":"category","embeddable":true,"href":"https:\/\/www.europesays.com\/pt\/wp-json\/wp\/v2\/categories?post=160272"},{"taxonomy":"post_tag","embeddable":true,"href":"https:\/\/www.europesays.com\/pt\/wp-json\/wp\/v2\/tags?post=160272"}],"curies":[{"name":"wp","href":"https:\/\/api.w.org\/{rel}","templated":true}]}}