{"id":160274,"date":"2025-11-21T17:43:17","date_gmt":"2025-11-21T17:43:17","guid":{"rendered":"https:\/\/www.europesays.com\/pt\/160274\/"},"modified":"2025-11-21T17:43:17","modified_gmt":"2025-11-21T17:43:17","slug":"marcela-tomaszewski-consegue-medida-protetiva-contra-dado-dolabella","status":"publish","type":"post","link":"https:\/\/www.europesays.com\/pt\/160274\/","title":{"rendered":"Marcela Tomaszewski consegue medida protetiva contra Dado Dolabella"},"content":{"rendered":"<p>A modelo <a href=\"https:\/\/natelinha.uol.com.br\/famosos\/tudo-sobre\/marcela-tomaszewski\" rel=\"nofollow noopener\" target=\"_blank\">Marcela Tomaszewski<\/a>, de 28 anos, conseguiu nesta quinta-feira (20), na Justi\u00e7a, uma medida protetiva contra o ex-namorado, <a href=\"https:\/\/natelinha.uol.com.br\/famosos\/tudo-sobre\/dado-dolabella\" rel=\"nofollow noopener\" target=\"_blank\">Dado Dolabella<\/a>, de 45 anos. Ela acusa o ator e cantor de agress\u00e3o durante o relacionamento, que terminou recentemente, ap\u00f3s dois meses. O famoso nega as acusa\u00e7\u00f5es.<\/p>\n<p>De acordo com a decis\u00e3o judicial, divulgada pela revista Quem, Dado Dolabella precisar\u00e1 manter no m\u00ednimo 250 metros de dist\u00e2ncia de Marcela Tomaszewski. Ele tamb\u00e9m est\u00e1 proibido de tentar contat\u00e1-la, at\u00e9 por terceiros.<\/p>\n<p>+\u00a0<a href=\"https:\/\/natelinha.uol.com.br\/colunas\/quarta-parede\/2025\/11\/20\/heroina-cativante-e-mais-5-principais-acertos-no-1-mes-de-tres-gracas-234144.php\" rel=\"nofollow noopener\" target=\"_blank\">Hero\u00edna cativante e mais: 5 principais acertos no 1\u00ba m\u00eas de Tr\u00eas Gra\u00e7as<\/a><\/p>\n<p>continua depois da publicidade<\/p>\n<p><img decoding=\"async\" loading=\"lazy\" class=\"horizontal\" src=\"https:\/\/www.europesays.com\/pt\/wp-content\/uploads\/2025\/11\/marcela-tomaszewski-desabafa-sobre-relacao-com-dado-dolabella-me-livrei_4984.jpeg\" alt=\"imagem-texto\"\/><\/p>\n<p>A defesa do ator nega as acusa\u00e7\u00f5es e afirma que as alega\u00e7\u00f5es s\u00e3o falsas e prejudicam mulheres que realmente buscam prote\u00e7\u00e3o judicial. Segundo a advogada do artista, \u201cinexiste qualquer fundamento jur\u00eddico que autorize a pris\u00e3o\u201d, como foi pedido pela modelo.<\/p>\n<p>+\u00a0<a href=\"https:\/\/natelinha.uol.com.br\/famosos\/2025\/11\/20\/dia-da-consciencia-negra-5-atrizes-dao-dicas-de-filmes-series-e-livros-sobre-a-data-234149.php\" rel=\"nofollow noopener\" target=\"_blank\">Dia da Consci\u00eancia Negra: 5 atrizes d\u00e3o dicas de filmes, s\u00e9ries e livros sobre a data<\/a><\/p>\n<p>\u201cQuanto \u00e0 medida protetiva, n\u00f3s da defesa j\u00e1 aguard\u00e1vamos, pois esse tipo de medida \u00e9 concedido sempre que a mulher diz sentir medo, sem exigir prova, fato concreto ou risco real. A \u00fanica coisa que lamentamos \u00e9 que n\u00e3o existam medidas protetivas para homens\u201d, disse, em nota.<\/p>\n<p>continua depois da publicidade<\/p>\n<p>A advogada informou ainda que Dado tamb\u00e9m solicitou medidas cautelares contra Marcela, mas o pedido foi negado. A equipe jur\u00eddica afirma que ela tentou fazer contato com o ex ap\u00f3s o fim do namoro.<\/p>\n","protected":false},"excerpt":{"rendered":"A modelo Marcela Tomaszewski, de 28 anos, conseguiu nesta quinta-feira (20), na Justi\u00e7a, uma medida protetiva contra o&hellip;\n","protected":false},"author":2,"featured_media":160275,"comment_status":"","ping_status":"","sticky":false,"template":"","format":"standard","meta":{"footnotes":""},"categories":[145],"tags":[211,210,12683,114,115,29457,32,33],"class_list":{"0":"post-160274","1":"post","2":"type-post","3":"status-publish","4":"format-standard","5":"has-post-thumbnail","7":"category-celebridades","8":"tag-celebridades","9":"tag-celebrities","10":"tag-dado-dolabella","11":"tag-entertainment","12":"tag-entretenimento","13":"tag-marcela-tomaszewski","14":"tag-portugal","15":"tag-pt"},"share_on_mastodon":{"url":"https:\/\/pubeurope.com\/@pt\/115588930432918374","error":""},"_links":{"self":[{"href":"https:\/\/www.europesays.com\/pt\/wp-json\/wp\/v2\/posts\/160274","targetHints":{"allow":["GET"]}}],"collection":[{"href":"https:\/\/www.europesays.com\/pt\/wp-json\/wp\/v2\/posts"}],"about":[{"href":"https:\/\/www.europesays.com\/pt\/wp-json\/wp\/v2\/types\/post"}],"author":[{"embeddable":true,"href":"https:\/\/www.europesays.com\/pt\/wp-json\/wp\/v2\/users\/2"}],"replies":[{"embeddable":true,"href":"https:\/\/www.europesays.com\/pt\/wp-json\/wp\/v2\/comments?post=160274"}],"version-history":[{"count":0,"href":"https:\/\/www.europesays.com\/pt\/wp-json\/wp\/v2\/posts\/160274\/revisions"}],"wp:featuredmedia":[{"embeddable":true,"href":"https:\/\/www.europesays.com\/pt\/wp-json\/wp\/v2\/media\/160275"}],"wp:attachment":[{"href":"https:\/\/www.europesays.com\/pt\/wp-json\/wp\/v2\/media?parent=160274"}],"wp:term":[{"taxonomy":"category","embeddable":true,"href":"https:\/\/www.europesays.com\/pt\/wp-json\/wp\/v2\/categories?post=160274"},{"taxonomy":"post_tag","embeddable":true,"href":"https:\/\/www.europesays.com\/pt\/wp-json\/wp\/v2\/tags?post=160274"}],"curies":[{"name":"wp","href":"https:\/\/api.w.org\/{rel}","templated":true}]}}