{"id":160276,"date":"2025-11-21T17:47:31","date_gmt":"2025-11-21T17:47:31","guid":{"rendered":"https:\/\/www.europesays.com\/pt\/160276\/"},"modified":"2025-11-21T17:47:31","modified_gmt":"2025-11-21T17:47:31","slug":"artistas-brilham-em-noite-de-moda-e-premiacoes","status":"publish","type":"post","link":"https:\/\/www.europesays.com\/pt\/160276\/","title":{"rendered":"artistas brilham em noite de moda e premia\u00e7\u00f5es"},"content":{"rendered":"<p><img alt=\"Reprodu\u00e7\u00e3o\" loading=\"eager\" decoding=\"async\" data-nimg=\"fill\" class=\"object-contain\" style=\"position:absolute;height:100%;width:100%;left:0;top:0;right:0;bottom:0;color:transparent\"   src=\"https:\/\/www.europesays.com\/pt\/wp-content\/uploads\/2025\/11\/5531407_db5e70257633631.jpg\"\/><\/p>\n<p>Destaques da noite ficaram com Liniker, Ana Castela, Karol G e Marina Sena.Reprodu\u00e7\u00e3o<\/p>\n<p>O <strong>Grammy Latino 2025<\/strong> entregou tudo: m\u00fasica, emo\u00e7\u00e3o e, claro, um desfile de looks que movimentou as redes. Entre ousadias, resgates de moda brasileira e produ\u00e7\u00f5es cheias de personalidade, os artistas passaram pelo tapete vermelho do maior pr\u00eamio da m\u00fasica latina com escolhas que combinaram estilo e storytelling.<\/p>\n<p>Do visual dourado de Liniker \u00e0 est\u00e9tica cowboy glam de Ana Castela, selecionamos os melhores looks da noite (e relembramos o que cada artista levou para casa).<\/p>\n<p>Os melhores looks do Grammy Latino 2025<\/p>\n<p>Liniker<\/p>\n<p>A grande vencedora brasileira da noite, Liniker levou tr\u00eas Grammys Latinos e apareceu com um vestido impec\u00e1vel confeccionado por Andr\u00e9 Betio, combinando eleg\u00e2ncia com assinatura artesanal. J\u00e1 no palco, ela surgiu em um modelo dourado poderoso criado por Michelly X em parceria com Swarovski, com aquele brilho que faz jus a quem domina a noite.<\/p>\n<p>Jo\u00e3o Gomes<\/p>\n<p>Jo\u00e3o Gomes apostou em um conjunto de linho com styling de Pedro Sales, trazendo bordados desenhados por Hel\u00f4 Rocha e produzidos \u00e0 m\u00e3o pela Casa das Bordadeiras de Timba\u00faba dos Batistas (RN), com a parceria da Riachuelo. Um look carregado de identidade, exatamente como seu som, que tamb\u00e9m garantiu sua presen\u00e7a entre os premiados da noite.<\/p>\n<p>Jota.p\u00ea<\/p>\n<p>Jota.p\u00ea chegou com moda brasileira em evid\u00eancia: um look direto do \u00faltimo desfile da Handred no S\u00e3o Paulo Fashion Week. Clean, contempor\u00e2neo e com aquele frescor de passarela que conversa bem com seu momento na m\u00fasica.<\/p>\n<p><img alt=\"Reprodu\u00e7\u00e3o\/Instagram\" loading=\"eager\" decoding=\"async\" data-nimg=\"fill\" class=\"object-contain\" style=\"position:absolute;height:100%;width:100%;left:0;top:0;right:0;bottom:0;color:transparent\"   src=\"https:\/\/www.europesays.com\/pt\/wp-content\/uploads\/2025\/11\/5531425_46aca2397a5026f.jpg\"\/><\/p>\n<p>Jota.p\u00ea no Grammy Latino 2025.Reprodu\u00e7\u00e3o\/Instagram<\/p>\n<p>Bad Bunny<\/p>\n<p>Apesar de n\u00e3o ter passado pelo tapete vermelho, Bad Bunny merece estar nessa lista ap\u00f3s levar cinco pr\u00eamios no Grammy Latino 2025, incluindo \u00c1lbum do Ano, com DeB\u00cd TiRAR M\u00e1S FOtoS. E ele entregou um visual que s\u00f3 ele sabe segurar: mistura de streetwear, alfaiataria desconstru\u00edda e acess\u00f3rios de impacto.<\/p>\n<p><img alt=\"Reprodu\u00e7\u00e3o\/VOGUE\" loading=\"eager\" decoding=\"async\" data-nimg=\"fill\" class=\"object-contain\" style=\"position:absolute;height:100%;width:100%;left:0;top:0;right:0;bottom:0;color:transparent\"   src=\"https:\/\/www.europesays.com\/pt\/wp-content\/uploads\/2025\/11\/5531432_932d7fb04404441.jpg\"\/><\/p>\n<p>Bad Bunny levou cinco estatuetas, incluindo \u00c1lbum do Ano, com DeB\u00cd TiRAR M\u00e1S FOtoS. Reprodu\u00e7\u00e3o\/VOGUE<\/p>\n<p>Carol Biazin<\/p>\n<p>Carol Biazin apareceu deslumbrante em um look 100% autoral da Mondepars, marca comandada por Sasha Meneghel. O visual equilibrava eleg\u00e2ncia e modernidade, um dos mais elogiados da noite.<\/p>\n<p>Marina Sena<\/p>\n<p>Conhecida por suas escolhas ousadas, Marina Sena apostou em um vestido da Cult Gaia cheio de movimento, recortes e pele \u00e0 mostra. Uma est\u00e9tica moderna, sensual e muito alinhada com sua energia art\u00edstica.<\/p>\n<p><img alt=\"Reprodu\u00e7\u00e3o\/Instagram\" loading=\"eager\" decoding=\"async\" data-nimg=\"fill\" class=\"object-contain\" style=\"position:absolute;height:100%;width:100%;left:0;top:0;right:0;bottom:0;color:transparent\"   src=\"https:\/\/www.europesays.com\/pt\/wp-content\/uploads\/2025\/11\/5531434_f0fc673f4ce7203.jpg\"\/><\/p>\n<p>Marina Sena apostou em vestido com corte ousado.Reprodu\u00e7\u00e3o\/Instagram<\/p>\n<p>Luedji Luna<\/p>\n<p>Luedji escolheu um terno cinza oversized combinando diferentes marcas brasileiras, refor\u00e7ando seu compromisso com moda nacional e est\u00e9tica afrocentrada. Minimalista, chique e com discurso.<\/p>\n<p>Ana Castela<\/p>\n<p>Fechando com estrela, Ana Castela apareceu com um visual de cowboy moderno, cheio de glamour. Brilho, chap\u00e9u impactante e uma est\u00e9tica pop-country que combina perfeitamente com sua imagem e com o momento da m\u00fasica sertaneja.<\/p>\n<p><img alt=\"Reprodu\u00e7\u00e3o\/Instagram\" loading=\"eager\" decoding=\"async\" data-nimg=\"fill\" class=\"object-contain\" style=\"position:absolute;height:100%;width:100%;left:0;top:0;right:0;bottom:0;color:transparent\"   src=\"https:\/\/www.europesays.com\/pt\/wp-content\/uploads\/2025\/11\/5531447_329cc1ddb582e66.jpg\"\/><\/p>\n<p>Ana Castela e seu look cowboy glam para o Grammy Latino 2025.Reprodu\u00e7\u00e3o\/Instagram<\/p>\n<p>O Grammy Latino 2025 mostrou que estilo tamb\u00e9m \u00e9 performance, e os artistas entregaram moda \u00e0 altura da m\u00fasica que celebraram. Entre produ\u00e7\u00f5es brasileiras, brilho maximalista e escolhas autorais, o tapete vermelho virou um show \u00e0 parte. Qual foi o seu look favorito?<\/p>\n<p><a href=\"https:\/\/atl.clicrbs.com.br\/autores\/natalie-oliveira\/683a0057bff9539f052851fa\" rel=\"nofollow noopener\" target=\"_blank\"><img alt=\"Natalie Oliveira\" loading=\"lazy\" width=\"55\" height=\"55\" decoding=\"async\" data-nimg=\"1\" class=\"mb-auto mr-1 mt-0 block h-12 w-12 rounded-full object-cover\" style=\"color:transparent\"  src=\"https:\/\/www.europesays.com\/pt\/wp-content\/uploads\/2025\/11\/1763747251_459_58212385.jpg\"\/><\/a><\/p>\n","protected":false},"excerpt":{"rendered":"Destaques da noite ficaram com Liniker, Ana Castela, Karol G e Marina Sena.Reprodu\u00e7\u00e3o O Grammy Latino 2025 entregou&hellip;\n","protected":false},"author":2,"featured_media":160277,"comment_status":"","ping_status":"","sticky":false,"template":"","format":"standard","meta":{"footnotes":""},"categories":[141],"tags":[114,115,149,150,32,33],"class_list":{"0":"post-160276","1":"post","2":"type-post","3":"status-publish","4":"format-standard","5":"has-post-thumbnail","7":"category-musica","8":"tag-entertainment","9":"tag-entretenimento","10":"tag-music","11":"tag-musica","12":"tag-portugal","13":"tag-pt"},"share_on_mastodon":{"url":"https:\/\/pubeurope.com\/@pt\/115588946320907047","error":""},"_links":{"self":[{"href":"https:\/\/www.europesays.com\/pt\/wp-json\/wp\/v2\/posts\/160276","targetHints":{"allow":["GET"]}}],"collection":[{"href":"https:\/\/www.europesays.com\/pt\/wp-json\/wp\/v2\/posts"}],"about":[{"href":"https:\/\/www.europesays.com\/pt\/wp-json\/wp\/v2\/types\/post"}],"author":[{"embeddable":true,"href":"https:\/\/www.europesays.com\/pt\/wp-json\/wp\/v2\/users\/2"}],"replies":[{"embeddable":true,"href":"https:\/\/www.europesays.com\/pt\/wp-json\/wp\/v2\/comments?post=160276"}],"version-history":[{"count":0,"href":"https:\/\/www.europesays.com\/pt\/wp-json\/wp\/v2\/posts\/160276\/revisions"}],"wp:featuredmedia":[{"embeddable":true,"href":"https:\/\/www.europesays.com\/pt\/wp-json\/wp\/v2\/media\/160277"}],"wp:attachment":[{"href":"https:\/\/www.europesays.com\/pt\/wp-json\/wp\/v2\/media?parent=160276"}],"wp:term":[{"taxonomy":"category","embeddable":true,"href":"https:\/\/www.europesays.com\/pt\/wp-json\/wp\/v2\/categories?post=160276"},{"taxonomy":"post_tag","embeddable":true,"href":"https:\/\/www.europesays.com\/pt\/wp-json\/wp\/v2\/tags?post=160276"}],"curies":[{"name":"wp","href":"https:\/\/api.w.org\/{rel}","templated":true}]}}