{"id":160284,"date":"2025-11-21T17:55:22","date_gmt":"2025-11-21T17:55:22","guid":{"rendered":"https:\/\/www.europesays.com\/pt\/160284\/"},"modified":"2025-11-21T17:55:22","modified_gmt":"2025-11-21T17:55:22","slug":"revisao-laboral-arrisca-facilitar-reducao-de-salario","status":"publish","type":"post","link":"https:\/\/www.europesays.com\/pt\/160284\/","title":{"rendered":"Revis\u00e3o laboral arrisca facilitar redu\u00e7\u00e3o de sal\u00e1rio"},"content":{"rendered":"<p class=\"texto\">A medida n\u00e3o consta da vers\u00e3o original do Anteprojeto Trabalho XXI, mas o Executivo incluiu-a na contraproposta de revis\u00e3o legislativa que enviou \u00e0 UGT, na passada semana e que est\u00e1 a negociar com os parceiros sociais. No documento, a que o Expresso teve acesso, o Executivo introduz uma altera\u00e7\u00e3o ao artigo 119\u00ba do C\u00f3digo do Trabalho (CT) \u2014 que enquadra a possibilidade de reclassifica\u00e7\u00e3o de um trabalhador em categoria inferior aquela para que foi contratado \u2014, para definir o prazo-limite de 30 dias para que a Autoridade para as Condi\u00e7\u00f5es de Trabalho (ACT) se pronuncie sobre estes processos, quando eles implicam a redu\u00e7\u00e3o de sal\u00e1rio. Advogados reconhecem que a autoridade inspetiva demora atualmente meses a pronunciar-se e alertam que prazo de 30 dias, sem refor\u00e7o de meios de resposta na ACT ser\u00e1 inexequ\u00edvel, podendo criar uma via aberta para a redu\u00e7\u00e3o de sal\u00e1rios por decis\u00e3o t\u00e1cita.<\/p>\n<p><a href=\"https:\/\/expresso.pt\/subscrever?action=GEN&amp;channel=VID&amp;type=CAP&amp;source=WEB&amp;returnUrl=https:\/\/expresso.pt\/semanario\/economia\/o-ceo-e-o-limite\/2025-11-20-revisao-laboral-arrisca-facilitar-reducao-de-salario-7bd85707&amp;utm_source=expresso&amp;utm_medium=locked_article&amp;locked=true&amp;article_id=f47bbf70-dfea-492d-886a-f5cb0eb8ec0e&amp;author_id=C\u00e1tia+Mateus&amp;category=O+CEO+\u00e9+o+limite\" target=\"_self\" class=\"\" rel=\"nofollow noopener\">Subscrever<\/a>J\u00e1 \u00e9 Subscritor?Fa\u00e7a login e continue a ler<a href=\"http:\/\/expresso.pt\/codigo?redirectUrl=https:\/\/expresso.pt\/semanario\/economia\/o-ceo-e-o-limite\/2025-11-20-revisao-laboral-arrisca-facilitar-reducao-de-salario-7bd85707\" target=\"_self\" class=\"\" rel=\"nofollow noopener\">Inserir C\u00f3digo<\/a>Comprou o Expresso?Insira o c\u00f3digo presente na Revista E para continuar a ler<\/p>\n","protected":false},"excerpt":{"rendered":"A medida n\u00e3o consta da vers\u00e3o original do Anteprojeto Trabalho XXI, mas o Executivo incluiu-a na contraproposta de&hellip;\n","protected":false},"author":2,"featured_media":160285,"comment_status":"","ping_status":"","sticky":false,"template":"","format":"standard","meta":{"footnotes":""},"categories":[50],"tags":[27,28,15,16,14,25,26,21,22,62,12,13,19,20,23,24,17,18,29,30,31,63,64,65],"class_list":{"0":"post-160284","1":"post","2":"type-post","3":"status-publish","4":"format-standard","5":"has-post-thumbnail","7":"category-mundo","8":"tag-breaking-news","9":"tag-breakingnews","10":"tag-featured-news","11":"tag-featurednews","12":"tag-headlines","13":"tag-latest-news","14":"tag-latestnews","15":"tag-main-news","16":"tag-mainnews","17":"tag-mundo","18":"tag-news","19":"tag-noticias","20":"tag-noticias-principais","21":"tag-noticiasprincipais","22":"tag-principais-noticias","23":"tag-principaisnoticias","24":"tag-top-stories","25":"tag-topstories","26":"tag-ultimas","27":"tag-ultimas-noticias","28":"tag-ultimasnoticias","29":"tag-world","30":"tag-world-news","31":"tag-worldnews"},"share_on_mastodon":{"url":"https:\/\/pubeurope.com\/@pt\/115588977500024207","error":""},"_links":{"self":[{"href":"https:\/\/www.europesays.com\/pt\/wp-json\/wp\/v2\/posts\/160284","targetHints":{"allow":["GET"]}}],"collection":[{"href":"https:\/\/www.europesays.com\/pt\/wp-json\/wp\/v2\/posts"}],"about":[{"href":"https:\/\/www.europesays.com\/pt\/wp-json\/wp\/v2\/types\/post"}],"author":[{"embeddable":true,"href":"https:\/\/www.europesays.com\/pt\/wp-json\/wp\/v2\/users\/2"}],"replies":[{"embeddable":true,"href":"https:\/\/www.europesays.com\/pt\/wp-json\/wp\/v2\/comments?post=160284"}],"version-history":[{"count":0,"href":"https:\/\/www.europesays.com\/pt\/wp-json\/wp\/v2\/posts\/160284\/revisions"}],"wp:featuredmedia":[{"embeddable":true,"href":"https:\/\/www.europesays.com\/pt\/wp-json\/wp\/v2\/media\/160285"}],"wp:attachment":[{"href":"https:\/\/www.europesays.com\/pt\/wp-json\/wp\/v2\/media?parent=160284"}],"wp:term":[{"taxonomy":"category","embeddable":true,"href":"https:\/\/www.europesays.com\/pt\/wp-json\/wp\/v2\/categories?post=160284"},{"taxonomy":"post_tag","embeddable":true,"href":"https:\/\/www.europesays.com\/pt\/wp-json\/wp\/v2\/tags?post=160284"}],"curies":[{"name":"wp","href":"https:\/\/api.w.org\/{rel}","templated":true}]}}