{"id":160290,"date":"2025-11-21T18:02:17","date_gmt":"2025-11-21T18:02:17","guid":{"rendered":"https:\/\/www.europesays.com\/pt\/160290\/"},"modified":"2025-11-21T18:02:17","modified_gmt":"2025-11-21T18:02:17","slug":"filha-de-laura-figueiredo-derrete-coracoes-ao-apoiar-causa-importante-e-deixa-deixa-palavras-que-estao-a-comover-o-pais-novelas","status":"publish","type":"post","link":"https:\/\/www.europesays.com\/pt\/160290\/","title":{"rendered":"Filha de Laura Figueiredo derrete cora\u00e7\u00f5es ao apoiar causa importante e deixa deixa palavras que est\u00e3o a comover o pa\u00eds &#8211; Novelas"},"content":{"rendered":"<p data-end=\"616\" data-start=\"216\">Nesta quinta-feira, <strong data-end=\"254\" data-start=\"236\">20 de novembro<\/strong>, celebra-se em todo o pa\u00eds o <strong data-end=\"310\" data-start=\"284\">Dia Nacional do Pijama<\/strong>, uma iniciativa que tem como principal objetivo a <strong data-end=\"430\" data-start=\"361\">promo\u00e7\u00e3o do direito de todas as crian\u00e7as a crescerem numa fam\u00edlia<\/strong>. Esta data assinala a <strong data-end=\"504\" data-start=\"453\">Conven\u00e7\u00e3o Internacional dos Direitos da Crian\u00e7a<\/strong> e todos os anos \u00e9 comemorada de forma especial, convidando os mi\u00fados a irem para a escola vestidos de pijama.<\/p>\n<p data-end=\"975\" data-start=\"618\">Este ano, a celebra\u00e7\u00e3o contou com a participa\u00e7\u00e3o de muitas fam\u00edlias, incluindo a filha de<a href=\"https:\/\/tvi.iol.pt\/novelas\/mickael-carreira\/laura-figueiredo\/casa-de-luxo-de-mickael-carreira-e-laura-figueiredo-e-inundada-pela-depressao-claudia\" rel=\"nofollow noopener\" target=\"_blank\"> <strong data-end=\"747\" data-start=\"708\">Laura Figueiredo e Mickael Carreira<\/strong><\/a>, <strong data-end=\"760\" data-start=\"749\">Beatriz<\/strong>, que encantou os seguidores com um <strong data-end=\"813\" data-start=\"796\">v\u00eddeo amoroso<\/strong>. No registo, a pequena explica a causa deste dia, mostrando o seu <strong data-end=\"940\" data-start=\"880\">pijama cor de rosa com orelhas divertidas como acess\u00f3rio<\/strong>, transmitindo alegria e ternura.<\/p>\n<p data-end=\"1307\" data-start=\"977\">O seu irm\u00e3o mais novo, <strong data-end=\"1011\" data-start=\"1000\">Gabriel<\/strong>, tamb\u00e9m participou na iniciativa, vestindo pijama e partilhando momentos de divers\u00e3o durante o pequeno-almo\u00e7o. Ambos mostraram-se muito <strong data-end=\"1178\" data-start=\"1148\">bem dispostos e divertidos<\/strong>, refletindo a import\u00e2ncia de associar a <strong data-end=\"1304\" data-start=\"1219\">conscientiza\u00e7\u00e3o sobre os direitos das crian\u00e7as a momentos de leveza e brincadeira<\/strong>.<\/p>\n<p data-end=\"1588\" data-start=\"1309\">O <strong data-end=\"1337\" data-start=\"1311\">Dia Nacional do Pijama<\/strong> \u00e9 mais do que uma celebra\u00e7\u00e3o l\u00fadica: \u00e9 uma forma de <strong data-end=\"1481\" data-start=\"1390\">refor\u00e7ar a mensagem sobre a import\u00e2ncia do afeto, da fam\u00edlia e da prote\u00e7\u00e3o das crian\u00e7as<\/strong>, lembrando a todos a necessidade de garantir um crescimento saud\u00e1vel e seguro para cada crian\u00e7a no pa\u00eds.<\/p>\n","protected":false},"excerpt":{"rendered":"Nesta quinta-feira, 20 de novembro, celebra-se em todo o pa\u00eds o Dia Nacional do Pijama, uma iniciativa que&hellip;\n","protected":false},"author":2,"featured_media":160291,"comment_status":"","ping_status":"","sticky":false,"template":"","format":"standard","meta":{"footnotes":""},"categories":[142],"tags":[160,34106,166,114,115,157,167,164,23537,11748,161,158,165,159,25115,32,33,156,163,151,162],"class_list":{"0":"post-160290","1":"post","2":"type-post","3":"status-publish","4":"format-standard","5":"has-post-thumbnail","7":"category-tv","8":"tag-ana-guiomar","9":"tag-beatriz","10":"tag-cristina-ferreira","11":"tag-entertainment","12":"tag-entretenimento","13":"tag-festa-e-festa","14":"tag-ficcao","15":"tag-jose-fidalgo","16":"tag-laura-figueiredo","17":"tag-mickael-carreira","18":"tag-novelas","19":"tag-para-sempre","20":"tag-pedro-sousa","21":"tag-pedro-teixeira","22":"tag-pijama","23":"tag-portugal","24":"tag-pt","25":"tag-queridos-papas","26":"tag-tiago-teotonio-pereira","27":"tag-tv","28":"tag-tvi"},"share_on_mastodon":{"url":"https:\/\/pubeurope.com\/@pt\/115589004850411720","error":""},"_links":{"self":[{"href":"https:\/\/www.europesays.com\/pt\/wp-json\/wp\/v2\/posts\/160290","targetHints":{"allow":["GET"]}}],"collection":[{"href":"https:\/\/www.europesays.com\/pt\/wp-json\/wp\/v2\/posts"}],"about":[{"href":"https:\/\/www.europesays.com\/pt\/wp-json\/wp\/v2\/types\/post"}],"author":[{"embeddable":true,"href":"https:\/\/www.europesays.com\/pt\/wp-json\/wp\/v2\/users\/2"}],"replies":[{"embeddable":true,"href":"https:\/\/www.europesays.com\/pt\/wp-json\/wp\/v2\/comments?post=160290"}],"version-history":[{"count":0,"href":"https:\/\/www.europesays.com\/pt\/wp-json\/wp\/v2\/posts\/160290\/revisions"}],"wp:featuredmedia":[{"embeddable":true,"href":"https:\/\/www.europesays.com\/pt\/wp-json\/wp\/v2\/media\/160291"}],"wp:attachment":[{"href":"https:\/\/www.europesays.com\/pt\/wp-json\/wp\/v2\/media?parent=160290"}],"wp:term":[{"taxonomy":"category","embeddable":true,"href":"https:\/\/www.europesays.com\/pt\/wp-json\/wp\/v2\/categories?post=160290"},{"taxonomy":"post_tag","embeddable":true,"href":"https:\/\/www.europesays.com\/pt\/wp-json\/wp\/v2\/tags?post=160290"}],"curies":[{"name":"wp","href":"https:\/\/api.w.org\/{rel}","templated":true}]}}