{"id":160320,"date":"2025-11-21T18:29:25","date_gmt":"2025-11-21T18:29:25","guid":{"rendered":"https:\/\/www.europesays.com\/pt\/160320\/"},"modified":"2025-11-21T18:29:25","modified_gmt":"2025-11-21T18:29:25","slug":"sudao-campo-de-tawila-a-beira-do-colapso-sob-pressao-de-100-000-novos-refugiados","status":"publish","type":"post","link":"https:\/\/www.europesays.com\/pt\/160320\/","title":{"rendered":"Sud\u00e3o. Campo de Tawila \u00e0 beira do colapso sob press\u00e3o de 100.000 novos refugiados"},"content":{"rendered":"<p>                De acordo com a ONG Norwegian Refugee Council, NRC, desde 26 de outubro, no meio de um caos generalizado e sob press\u00e3o de grupos armados que bloqueiam estradas entre atrocidades, <b>a maioria dos refugiados tem procurado Tawila, um assentamento que, em maio, acolhia j\u00e1 200.000 pessoas.<\/b><\/p>\n<p>&#8220;Ao chegar ao topo da \u00faltima colina em Tawila, v\u00ea-se o que parece ser uma cidade improvisada a emergir do deserto, uma vasta massa de abrigos que se estende em dire\u00e7\u00e3o \u00e0s montanhas&#8221;, descreve Noah Taylor, diretor de opera\u00e7\u00f5es do NRC em Tawila.<\/p>\n<p>O acampamento &#8220;explodiu&#8221; nas \u00faltimas duas semanas, acrescenta, &#8220;transformando-se num mega-assentamento, com milhares e milhares de pessoas deslocadas&#8221;, afirma. &#8220;As fam\u00edlias chegam aos poucos, exaustas e famintas, em busca de familiares dos quais foram separadas no caos&#8221;, refere Taylor. A maioria &#8220;chega apenas com a roupa do corpo&#8221;.&#13;\n<\/p>\n<p>&#13;<br \/>\nMuitas tentam construir abrigos com paus e cobertores. A maioria dorme em grupos, ao relento.\u00a0&#13;\n<\/p>\n<p>&#13;<br \/>\nOs servi\u00e7os de \u00e1gua, de saneamento e de abrigo de Tawila t\u00eam sido incapazes de acompanhar o ritmo das chegadas, aumentando o risco de doen\u00e7as. &#13;\n<\/p>\n<p>\n&#8220;<b>J\u00e1 estamos a ver os riscos de doen\u00e7as a aumentar<\/b>&#8220;, referiu Taylor, apelando a donativos urgentes. &#8220;A menos que chegue uma grande quantidade de ajuda humanit\u00e1ria, as condi\u00e7\u00f5es v\u00e3o deteriorar-se muito rapidamente&#8221;.<\/p>\n<p>Apesar da dificuldade de resposta, &#8220;as fam\u00edlias continuam a reunir-se nos pontos de acolhimento todos os dias, em busca de materiais para abrigo, cobertores para o frio da noite, bem como para se inscreverem e receberem assist\u00eancia alimentar&#8221;, afirma o NRC num relat\u00f3rio enviado \u00e0s reda\u00e7\u00f5es esta quinta-feira.<\/p>\n<p>&#8220;Dezoito meses de cerco, combates brutais, ataques deliberados contra civis e o colapso dos servi\u00e7os b\u00e1sicos em Al Fashir levaram as pessoas a este ponto&#8221;, explica Taylor.<\/p>\n<p>&#13;<br \/>\n&#8220;<b>Sem acessos seguros e um aumento significativo do financiamento, este acampamento n\u00e3o resistir\u00e1 ao que est\u00e1 para vir<\/b>&#8220;, alerta. As RSF tiveram origem nas mil\u00edcias Janjaweed, usadas pelo governo sudan\u00eas durante a Guerra do Darfur, tendo sido depois integradas como for\u00e7as auxiliares do ex\u00e9rcito sudan\u00eas. Em 2021, auxiliaram as for\u00e7as regulares a executar um golpe militar para assumir o poder mas, em 2023, os antigos aliados come\u00e7aram a bater-se pelo controlo do Sud\u00e3o.&#13;\n<\/p>\n<p>\nA queda da cidade de El Fashir no final de outubro de 2025 marca um ponto de rotura na guerra civil no Sud\u00e3o, com o colapso do \u00faltimo grande basti\u00e3o das For\u00e7as Armadas Sudanesas no Sud\u00e3o Ocidental.<\/p>\n<p>A captura da capital do Darfur do Norte n\u00e3o ocorreu de forma isolada. De acordo com uma an\u00e1lise publicada a 20 de novembro de 2025, o avan\u00e7o das RSF aconteceu apenas dois meses ap\u00f3s o seu l\u00edder, Mohamed Hamdan Dagalo &#8211; mais conhecido por Hemedti &#8211; ter declarado um governo paralelo em Nyala, no Darfur do Sul. <\/p>\n<p><b>Esta divis\u00e3o leste-oeste no Sud\u00e3o est\u00e1 agora praticamente completa<\/b>, com as RSF a consolidarem o poder no oeste enquanto as FAS se agarram ao leste. <\/p>\n<p>As consequ\u00eancias para os civis t\u00eam sido catastr\u00f3ficas.&#13;\n            <\/p>\n","protected":false},"excerpt":{"rendered":"De acordo com a ONG Norwegian Refugee Council, NRC, desde 26 de outubro, no meio de um caos&hellip;\n","protected":false},"author":2,"featured_media":160321,"comment_status":"","ping_status":"","sticky":false,"template":"","format":"standard","meta":{"footnotes":""},"categories":[50],"tags":[27,28,34110,15,16,34112,34111,14,25,26,21,22,62,12,13,19,20,23,24,7290,34109,17,18,29,30,31,63,64,65],"class_list":{"0":"post-160320","1":"post","2":"type-post","3":"status-publish","4":"format-standard","5":"has-post-thumbnail","7":"category-mundo","8":"tag-breaking-news","9":"tag-breakingnews","10":"tag-el-fasher","11":"tag-featured-news","12":"tag-featurednews","13":"tag-forcas-armadas-sudanesas","14":"tag-forcas-rapidas-do-sudao","15":"tag-headlines","16":"tag-latest-news","17":"tag-latestnews","18":"tag-main-news","19":"tag-mainnews","20":"tag-mundo","21":"tag-news","22":"tag-noticias","23":"tag-noticias-principais","24":"tag-noticiasprincipais","25":"tag-principais-noticias","26":"tag-principaisnoticias","27":"tag-sudao","28":"tag-tawila","29":"tag-top-stories","30":"tag-topstories","31":"tag-ultimas","32":"tag-ultimas-noticias","33":"tag-ultimasnoticias","34":"tag-world","35":"tag-world-news","36":"tag-worldnews"},"share_on_mastodon":{"url":"https:\/\/pubeurope.com\/@pt\/115589111145306060","error":""},"_links":{"self":[{"href":"https:\/\/www.europesays.com\/pt\/wp-json\/wp\/v2\/posts\/160320","targetHints":{"allow":["GET"]}}],"collection":[{"href":"https:\/\/www.europesays.com\/pt\/wp-json\/wp\/v2\/posts"}],"about":[{"href":"https:\/\/www.europesays.com\/pt\/wp-json\/wp\/v2\/types\/post"}],"author":[{"embeddable":true,"href":"https:\/\/www.europesays.com\/pt\/wp-json\/wp\/v2\/users\/2"}],"replies":[{"embeddable":true,"href":"https:\/\/www.europesays.com\/pt\/wp-json\/wp\/v2\/comments?post=160320"}],"version-history":[{"count":0,"href":"https:\/\/www.europesays.com\/pt\/wp-json\/wp\/v2\/posts\/160320\/revisions"}],"wp:featuredmedia":[{"embeddable":true,"href":"https:\/\/www.europesays.com\/pt\/wp-json\/wp\/v2\/media\/160321"}],"wp:attachment":[{"href":"https:\/\/www.europesays.com\/pt\/wp-json\/wp\/v2\/media?parent=160320"}],"wp:term":[{"taxonomy":"category","embeddable":true,"href":"https:\/\/www.europesays.com\/pt\/wp-json\/wp\/v2\/categories?post=160320"},{"taxonomy":"post_tag","embeddable":true,"href":"https:\/\/www.europesays.com\/pt\/wp-json\/wp\/v2\/tags?post=160320"}],"curies":[{"name":"wp","href":"https:\/\/api.w.org\/{rel}","templated":true}]}}