{"id":160326,"date":"2025-11-21T18:33:07","date_gmt":"2025-11-21T18:33:07","guid":{"rendered":"https:\/\/www.europesays.com\/pt\/160326\/"},"modified":"2025-11-21T18:33:07","modified_gmt":"2025-11-21T18:33:07","slug":"morreu-alda-rosa-pioneira-do-design-grafico-em-portugal","status":"publish","type":"post","link":"https:\/\/www.europesays.com\/pt\/160326\/","title":{"rendered":"Morreu Alda Rosa, pioneira do design gr\u00e1fico em Portugal"},"content":{"rendered":"<p class=\"MsoNormal\"><strong>Alda Rosa<\/strong> morreu esta quinta-feira aos <strong>89 anos<\/strong>, em Lisboa, na sequ\u00eancia de v\u00e1rias complica\u00e7\u00f5es de sa\u00fade, segundo explicou \u00e0 Lusa um familiar.<strong> A designer gr\u00e1fica estava internada<\/strong> \u201ch\u00e1 algum tempo\u201d no Hospital Curry Cabral.<\/p>\n<p class=\"MsoNormal\">O <strong>vel\u00f3rio <\/strong>decorrer\u00e1 entre as 17h e as 23h desta sexta-feira no Edif\u00edcio Saudade do Cemit\u00e9rio de Carnide, no qual decorrer\u00e1 ainda o <strong>funeral <\/strong>no dia de s\u00e1bado, \u00e0s 14h. Antes disso, pelas 12h, ser\u00e1 realizada uma cerim\u00f3nia memorial, antes da <strong>crema\u00e7\u00e3o<\/strong>.<\/p>\n<p class=\"MsoNormal\">Nascida em <strong>1936 em Braga<\/strong>, Alda Rosa formou-se em pintura na Escola Superior de Belas Artes, em Lisboa, em 1959, estudando posteriormente em Inglaterra, onde frequentou o curso de Arte e Design Gr\u00e1fico no Ravensbourne College, em Londres. Terminado o curso em 1970, tornou-se assim dos <strong>primeiros portugueses com forma\u00e7\u00e3o acad\u00e9mica em design gr\u00e1fico<\/strong>.<\/p>\n<p class=\"MsoNormal\">Pertenceu \u00e0 <strong>Juventude Universit\u00e1ria Cat\u00f3lica<\/strong>, no \u00e2mbito da qual tinha como pr\u00f3ximas personalidades como o ex-Presidente da Rep\u00fablica Jorge Sampaio, o pensador e soci\u00f3logo Manuel de Lucena, o escritor, ensa\u00edsta e historiador Vasco Pulido Valente, o escritor Nuno de Bragan\u00e7a, o escultor Jo\u00e3o Cutileiro e o cineasta Paulo Rocha, com quem viria a colaborar no filme \u201cVerdes Anos\u201d (1963).<\/p>\n<p>Alda Rosa com cerca de 30 anos<\/p>\n<p class=\"MsoNormal\">Iniciou a sua carreira profissional no atelier dos arquitetos Duarte Nuno Sim\u00f5es e Jos\u00e9 Santa-Rita, onde colaborava em projetos de design gr\u00e1fico e de interiores. E <strong>teve um papel fundamental na radica\u00e7\u00e3o do conceito de design em Portugal<\/strong>. Integrou o N\u00facleo de Arte e Arquitetura Industrial do Instituto Nacional de Investiga\u00e7\u00e3o Industrial, participando na organiza\u00e7\u00e3o das primeiras exposi\u00e7\u00f5es de design portugu\u00eas em 1971 e 1973 \u2013 para as quais concebeu as capas dos cat\u00e1logos e materiais gr\u00e1ficos, em colabora\u00e7\u00e3o com Maria Helena Matos, Cristina Reis, Ant\u00f3nio Sena da Silva e Tom\u00e1s de Figueiredo. Desempenhou ainda fun\u00e7\u00f5es de <strong>assessoria interna na Dire\u00e7\u00e3o-Geral da Qualidade <\/strong>e, posteriormente, no Instituto Portugu\u00eas da Qualidade al\u00e9m de, como representante do minist\u00e9rio da Ind\u00fastria, ter colaborado na instala\u00e7\u00e3o do Instituto Portugu\u00eas de Design, onde foi consultora.<\/p>\n<p class=\"MsoNormal\">Depois de ter criado e dirigido o setor gr\u00e1fico do Instituto Cultural de Macau e de ter fundado e dirigido a Associa\u00e7\u00e3o Portuguesa de Design, passa a trabalhar como designer gr\u00e1fica independente a partir de 1993, criando cat\u00e1logos para exposi\u00e7\u00f5es e eventos de museus portugueses como o <strong>Museu Jos\u00e9 Malhoa, o Museu Nacional do Teatro e o Museu Nacional do Azulejo<\/strong>. O seu trabalho caracteriza-se por uma <strong>est\u00e9tica minimalista e modernista<\/strong>, centrada na tipografia e nas formas geom\u00e9tricas din\u00e2micas.<\/p>\n<p class=\"MsoNormal\">Participou ainda em quatro dezenas de exposi\u00e7\u00f5es \u2013 entre as quais \u201cA Idade do Ferro no sul de Portugal\u201d (1980), no Museu Nacional de Arqueologia, e \u201cUn \u00c9clat Portugais. L\u2019Art de l\u2019Azulejo\u201d (1996), na Funda\u00e7\u00e3o Calouste Gulbenkian em Paris \u2013 e colaborou, na \u00e1rea cultural e institucional, com editoras como a Estampa, Cosmos, Moraes, Pl\u00e1tano, Inapa e Livros Horizonte. Na sua obra gr\u00e1fica destaca-se a cole\u00e7\u00e3o de bolso Livro B, da Estampa, com os seus volumes de capa preta e folhas azuis-claras. <strong>Fez ainda parte da equipa do projeto de Jornais Escolares do Expresso.<\/strong><\/p>\n<p class=\"MsoNormal\">O esp\u00f3lio documental da artista ficar\u00e1 dispon\u00edvel no MUDE \u2013 Museu do Design, em Lisboa.<\/p>\n","protected":false},"excerpt":{"rendered":"Alda Rosa morreu esta quinta-feira aos 89 anos, em Lisboa, na sequ\u00eancia de v\u00e1rias complica\u00e7\u00f5es de sa\u00fade, segundo&hellip;\n","protected":false},"author":2,"featured_media":160327,"comment_status":"","ping_status":"","sticky":false,"template":"","format":"standard","meta":{"footnotes":""},"categories":[144],"tags":[207,205,206,203,201,202,204,114,115,32,33],"class_list":{"0":"post-160326","1":"post","2":"type-post","3":"status-publish","4":"format-standard","5":"has-post-thumbnail","7":"category-arte-e-design","8":"tag-arte","9":"tag-arte-e-design","10":"tag-artedesign","11":"tag-arts","12":"tag-arts-and-design","13":"tag-artsanddesign","14":"tag-design","15":"tag-entertainment","16":"tag-entretenimento","17":"tag-portugal","18":"tag-pt"},"share_on_mastodon":{"url":"https:\/\/pubeurope.com\/@pt\/115589126787643073","error":""},"_links":{"self":[{"href":"https:\/\/www.europesays.com\/pt\/wp-json\/wp\/v2\/posts\/160326","targetHints":{"allow":["GET"]}}],"collection":[{"href":"https:\/\/www.europesays.com\/pt\/wp-json\/wp\/v2\/posts"}],"about":[{"href":"https:\/\/www.europesays.com\/pt\/wp-json\/wp\/v2\/types\/post"}],"author":[{"embeddable":true,"href":"https:\/\/www.europesays.com\/pt\/wp-json\/wp\/v2\/users\/2"}],"replies":[{"embeddable":true,"href":"https:\/\/www.europesays.com\/pt\/wp-json\/wp\/v2\/comments?post=160326"}],"version-history":[{"count":0,"href":"https:\/\/www.europesays.com\/pt\/wp-json\/wp\/v2\/posts\/160326\/revisions"}],"wp:featuredmedia":[{"embeddable":true,"href":"https:\/\/www.europesays.com\/pt\/wp-json\/wp\/v2\/media\/160327"}],"wp:attachment":[{"href":"https:\/\/www.europesays.com\/pt\/wp-json\/wp\/v2\/media?parent=160326"}],"wp:term":[{"taxonomy":"category","embeddable":true,"href":"https:\/\/www.europesays.com\/pt\/wp-json\/wp\/v2\/categories?post=160326"},{"taxonomy":"post_tag","embeddable":true,"href":"https:\/\/www.europesays.com\/pt\/wp-json\/wp\/v2\/tags?post=160326"}],"curies":[{"name":"wp","href":"https:\/\/api.w.org\/{rel}","templated":true}]}}