{"id":160351,"date":"2025-11-21T19:06:25","date_gmt":"2025-11-21T19:06:25","guid":{"rendered":"https:\/\/www.europesays.com\/pt\/160351\/"},"modified":"2025-11-21T19:06:25","modified_gmt":"2025-11-21T19:06:25","slug":"entrevista-o-seu-ppr-da-lhe-lucro-ou-prejuizo-emilia-vieira-da-casa-de-investimentos-explica-como-pode-confirmar-contas-poupanca","status":"publish","type":"post","link":"https:\/\/www.europesays.com\/pt\/160351\/","title":{"rendered":"Entrevista: O seu PPR d\u00e1-lhe lucro ou preju\u00edzo? Em\u00edlia Vieira, da Casa de Investimentos, explica como pode confirmar &#8211; Contas Poupan\u00e7a"},"content":{"rendered":"<ol>\n<li><a href=\"https:\/\/news.google.com\/rss\/articles\/CBMi_AFBVV95cUxPLUtwNFF1YVBtYUJsSzMxMTBKOTJXUzhxT20xMnNTaDBBZzBrQXZjN3lpSEd3b3hhcjhDa3hvcldmY0RsbjJpcTdKWklHdFJCNC0yTEdzbVJneUp6MjA5NDRRd2Ywa2FCU2hkMHB6WGhuVHlOSUxfR3pMUlg2bkxNeGlnQWp1eEJuMVpSMGFDenN2bFdDQU1NTE56RlI5aTFOYk9xS1FwSDN3bFpDOXA1Tl9mMHBUQXN3Y2xNOUg2cU53XzBQZlhDQzFiYUZEcnEtMHdGNkh1OURhY1dPamNRemtwTzNNRTJfVk5pRXNjOW1XdEtncUhDWGVIWmU?oc=5\" target=\"_blank\" rel=\"nofollow noopener\">Entrevista: O seu PPR d\u00e1-lhe lucro ou preju\u00edzo? Em\u00edlia Vieira, da Casa de Investimentos, explica como pode confirmar<\/a>&nbsp;&nbsp;Contas Poupan\u00e7a<\/li>\n<li><a href=\"https:\/\/news.google.com\/rss\/articles\/CBMinwJBVV95cUxOX280NzFjN0lyQTV4ZE5wQk9HVmxsYzNjQ29EWTZqRUtuaUJMXzEzTFduWUtpRldpYVVzSjhQSnZ4TERxX21zMmJRa1VVU3ljY1VyYnBmbVJDM3RpemdXQ2VURHlJeTZZcm9lLUxzanJLcGhwWm5YOGtzcHRubTJ4RFVhcGkyQXpHZ2ZTa2hLMVVDUHZVcTF3Zmp2aG0ybF9ZNlZpVDVDamhYTnVhc0tacDd4ampLa1ktNDRZdkZhSkk0U2ZVVy1veEJJbjlBaUtIMnoybWVaTUs5XzVITlloN0ZIOGtqUG5EOWRNLWs5akFOLVQyLU5HMHRxTWszWERYRHFyVEl6Tjdfb2szNDN0X282UklFbHhST2M0d0VIaw?oc=5\" target=\"_blank\" rel=\"nofollow noopener\">Em dezembro v\u00e3o tentar convenc\u00ea-lo a fazer um PPR, mas aten\u00e7\u00e3o pode perder mais do que ganhar<\/a>&nbsp;&nbsp;SIC Not\u00edcias<\/li>\n<li><a href=\"https:\/\/news.google.com\/rss\/articles\/CBMizwFBVV95cUxNSlU4d0w1SlRQWGdOR2o2cDV1N3FQdUg5ZzZ5RVBBeHdNRnIwUG5UWVNGRjBHSWpuZU1wLUU3LWVSd2VVX0pIcDc2SFJuczVQTExEWHhZRlBnQ1FFczFfYXQxVjVQTXFqYnktaS0tV3IzeV9ValZNcXBPd3IzbTRrMVJ6RTdZczFidF9LRmI0cjNBelk1RTRXa19WUGliV3pKbjFjNmZ1eFh1MDVCS09Eb0ZUNER6UF92RUFvUUlJTFlXNl95ajNDMzdLVVRhQWPSAdIBQVVfeXFMTlVTVWpLejRWUnVtTFUyUzlZNTVnODhDLTRzdkhtLVVyZWE2Tjg2YjVGQk5nVDhqazlKVTN4XzQteVRXeWtabmczQVFYTE5aX1RZZ2t0Q3dkcGFrcXhRWXJsSlBOaHJlUUlwOFhxd3VaYldORDFCZjRaYXFuX2tkRnphdXhDRXA0S1BVbGNRVERXVmxsUDBOanF5ZEd3bDFRdENjdE9QbVh3Q3FMMHRGd01xRDhLcEowMWRlWk1lUk44c3A1RDlocUJuOUhiQlRleExR?oc=5\" target=\"_blank\" rel=\"nofollow noopener\">Use esta MINUTA para saber quanto est\u00e1 a render (ou n\u00e3o) o seu PPR<\/a>&nbsp;&nbsp;Contas Poupan\u00e7a<\/li>\n<li><a href=\"https:\/\/news.google.com\/rss\/articles\/CBMiwgFBVV95cUxQQ1VJTFBtdWVSYzBLS1otOU9uX1RPa01MX295NXhHSThQUmV4eG9UMlNxYm1lTklJblpLYWFPVFVoYnY1MklUSzBNN2FPOC1PVlpkck9SeDlUR0I2bThMZDVYVGtUc1drQ0pzeDVob05Pc3E2N3AwRHhObS1uS3o4Wk9SbnY4MTdtbW1RXzlJZUdOckZKMl94azJnZ0ZVSTZ4ekJrQzlkemtrWkoySzlpXzNWSlNka0FMeTBGcXhMTnlYQQ?oc=5\" target=\"_blank\" rel=\"nofollow noopener\">Se o banco lhe pedir para fazer isto em dezembro pense duas vezes: &#8220;Pode perder mais do que ganhar&#8221;<\/a>&nbsp;&nbsp;postal.pt<\/li>\n<li><a href=\"https:\/\/news.google.com\/rss\/articles\/CBMitgFBVV95cUxQTHdHcDJ2TmZKRWxwWXhjQjFnMDRETXlnWkgzUnVSYTJPVU82YTRtSDh6WjNDMjFEbjltVWV0QlAxS292ZHJhbkU3bURrYnQwaEZvcW5LNjAtTjZTNmZ1RW1WR081RWZJck0wSG5Gd3ZDUzAtVEp4M3B4VjN3WDllYlNyTDFlVmttNUpiTjBUMUhqSG9ReVZOMDdOZHVuOXVyUnJsR2xfSEZKVnJIaU5SQ0Y3RFJHQQ?oc=5\" target=\"_blank\" rel=\"nofollow noopener\">PPR e benef\u00edcios fiscais: Como poupar no IRS enquanto prepara a reforma<\/a>&nbsp;&nbsp;Doutor Finan\u00e7as<\/li>\n<\/ol>\n","protected":false},"excerpt":{"rendered":"Entrevista: O seu PPR d\u00e1-lhe lucro ou preju\u00edzo? Em\u00edlia Vieira, da Casa de Investimentos, explica como pode confirmar&nbsp;&nbsp;Contas&hellip;\n","protected":false},"author":2,"featured_media":156794,"comment_status":"","ping_status":"","sticky":false,"template":"","format":"standard","meta":{"footnotes":""},"categories":[83],"tags":[88,89,90,32,33],"class_list":{"0":"post-160351","1":"post","2":"type-post","3":"status-publish","4":"format-standard","5":"has-post-thumbnail","7":"category-empresas","8":"tag-business","9":"tag-economy","10":"tag-empresas","11":"tag-portugal","12":"tag-pt"},"share_on_mastodon":{"url":"https:\/\/pubeurope.com\/@pt\/115589256576459208","error":""},"_links":{"self":[{"href":"https:\/\/www.europesays.com\/pt\/wp-json\/wp\/v2\/posts\/160351","targetHints":{"allow":["GET"]}}],"collection":[{"href":"https:\/\/www.europesays.com\/pt\/wp-json\/wp\/v2\/posts"}],"about":[{"href":"https:\/\/www.europesays.com\/pt\/wp-json\/wp\/v2\/types\/post"}],"author":[{"embeddable":true,"href":"https:\/\/www.europesays.com\/pt\/wp-json\/wp\/v2\/users\/2"}],"replies":[{"embeddable":true,"href":"https:\/\/www.europesays.com\/pt\/wp-json\/wp\/v2\/comments?post=160351"}],"version-history":[{"count":0,"href":"https:\/\/www.europesays.com\/pt\/wp-json\/wp\/v2\/posts\/160351\/revisions"}],"wp:featuredmedia":[{"embeddable":true,"href":"https:\/\/www.europesays.com\/pt\/wp-json\/wp\/v2\/media\/156794"}],"wp:attachment":[{"href":"https:\/\/www.europesays.com\/pt\/wp-json\/wp\/v2\/media?parent=160351"}],"wp:term":[{"taxonomy":"category","embeddable":true,"href":"https:\/\/www.europesays.com\/pt\/wp-json\/wp\/v2\/categories?post=160351"},{"taxonomy":"post_tag","embeddable":true,"href":"https:\/\/www.europesays.com\/pt\/wp-json\/wp\/v2\/tags?post=160351"}],"curies":[{"name":"wp","href":"https:\/\/api.w.org\/{rel}","templated":true}]}}