{"id":160360,"date":"2025-11-21T19:13:10","date_gmt":"2025-11-21T19:13:10","guid":{"rendered":"https:\/\/www.europesays.com\/pt\/160360\/"},"modified":"2025-11-21T19:13:10","modified_gmt":"2025-11-21T19:13:10","slug":"ex-bbb-rebate-criticas-ao-voltar-a-vender-doces-21-11-2025-celebridades","status":"publish","type":"post","link":"https:\/\/www.europesays.com\/pt\/160360\/","title":{"rendered":"Ex-BBB rebate cr\u00edticas ao voltar a vender doces &#8211; 21\/11\/2025 &#8211; Celebridades"},"content":{"rendered":"<p>\n<strong class=\"c-signature__location\">Rio de Janeiro<\/strong>\n<\/p>\n<p>Participante do <a href=\"https:\/\/f5.folha.uol.com.br\/televisao\/bbb24\/\" rel=\"nofollow noopener\" target=\"\">BBB 24,<\/a> <a href=\"https:\/\/f5.folha.uol.com.br\/televisao\/bbb24\/2024\/01\/bbb-24-raquele-cardozo-doceira-vence-disputa-por-vaga-em-reality.shtml\" rel=\"nofollow noopener\" target=\"\">Raquel Cardozo<\/a>, 24, resolveu rebater os coment\u00e1rios ofensivos que recebeu ap\u00f3s anunciar um &#8220;novo recome\u00e7o&#8221; profissional. A doceira, que tentou a carreira musical logo depois de sair do reality da Globo, acabou retomando a atividade que exercia antes de entrar na casa: produzir e vender doces artesanais.<\/p>\n","protected":false},"excerpt":{"rendered":"Rio de Janeiro Participante do BBB 24, Raquel Cardozo, 24, resolveu rebater os coment\u00e1rios ofensivos que recebeu ap\u00f3s&hellip;\n","protected":false},"author":2,"featured_media":160361,"comment_status":"","ping_status":"","sticky":false,"template":"","format":"standard","meta":{"footnotes":""},"categories":[142],"tags":[2565,9912,219,211,223,34126,114,115,224,225,226,221,220,222,32,33,34125,218,228,151,227],"class_list":{"0":"post-160360","1":"post","2":"type-post","3":"status-publish","4":"format-standard","5":"has-post-thumbnail","7":"category-tv","8":"tag-bbb","9":"tag-bbb-24","10":"tag-bichos","11":"tag-celebridades","12":"tag-colunistas","13":"tag-empreendedor","14":"tag-entertainment","15":"tag-entretenimento","16":"tag-estranho","17":"tag-eu-amo","18":"tag-fofices","19":"tag-horoscopo","20":"tag-humanos","21":"tag-humor","22":"tag-portugal","23":"tag-pt","24":"tag-raquele-cardozo","25":"tag-televisao","26":"tag-tudo","27":"tag-tv","28":"tag-videos"},"share_on_mastodon":{"url":"https:\/\/pubeurope.com\/@pt\/115589284035661184","error":""},"_links":{"self":[{"href":"https:\/\/www.europesays.com\/pt\/wp-json\/wp\/v2\/posts\/160360","targetHints":{"allow":["GET"]}}],"collection":[{"href":"https:\/\/www.europesays.com\/pt\/wp-json\/wp\/v2\/posts"}],"about":[{"href":"https:\/\/www.europesays.com\/pt\/wp-json\/wp\/v2\/types\/post"}],"author":[{"embeddable":true,"href":"https:\/\/www.europesays.com\/pt\/wp-json\/wp\/v2\/users\/2"}],"replies":[{"embeddable":true,"href":"https:\/\/www.europesays.com\/pt\/wp-json\/wp\/v2\/comments?post=160360"}],"version-history":[{"count":0,"href":"https:\/\/www.europesays.com\/pt\/wp-json\/wp\/v2\/posts\/160360\/revisions"}],"wp:featuredmedia":[{"embeddable":true,"href":"https:\/\/www.europesays.com\/pt\/wp-json\/wp\/v2\/media\/160361"}],"wp:attachment":[{"href":"https:\/\/www.europesays.com\/pt\/wp-json\/wp\/v2\/media?parent=160360"}],"wp:term":[{"taxonomy":"category","embeddable":true,"href":"https:\/\/www.europesays.com\/pt\/wp-json\/wp\/v2\/categories?post=160360"},{"taxonomy":"post_tag","embeddable":true,"href":"https:\/\/www.europesays.com\/pt\/wp-json\/wp\/v2\/tags?post=160360"}],"curies":[{"name":"wp","href":"https:\/\/api.w.org\/{rel}","templated":true}]}}