{"id":160382,"date":"2025-11-21T19:36:09","date_gmt":"2025-11-21T19:36:09","guid":{"rendered":"https:\/\/www.europesays.com\/pt\/160382\/"},"modified":"2025-11-21T19:36:09","modified_gmt":"2025-11-21T19:36:09","slug":"os-28-pontos-do-plano-de-paz-dos-eua-para-a-ucrania-entre-a-capitulacao-e-o-menor-dos-males-o-documento-e-mais-complexo-do-que-parecia","status":"publish","type":"post","link":"https:\/\/www.europesays.com\/pt\/160382\/","title":{"rendered":"Os 28 pontos do plano de paz dos EUA para a Ucr\u00e2nia: entre a \u201ccapitula\u00e7\u00e3o\u201d e o menor dos males, o documento \u00e9 \u201cmais complexo do que parecia\u201d"},"content":{"rendered":"<p>O plano de paz inaceit\u00e1vel ou o poss\u00edvel? Nas \u00faltimas horas, foram sendo revelados os pormenores do projeto redigido por respons\u00e1veis norte-americanos para um cessar-fogo na Ucr\u00e2nia, que <strong>obrigaria Kiev a ceder territ\u00f3rio adicional no leste, a limitar o tamanho das suas For\u00e7as Armadas<\/strong> e a concordar em nunca aderir \u00e0 NATO.<\/p>\n<p><a href=\"https:\/\/expresso.pt\/subscrever?action=GEN&amp;channel=VID&amp;type=CAP&amp;source=WEB&amp;returnUrl=https:\/\/expresso.pt\/internacional\/guerra-na-ucrania\/2025-11-21-os-28-pontos-do-plano-de-paz-dos-eua-para-a-ucrania-entre-a-capitulacao-e-o-menor-dos-males-o-documento-e-mais-complexo-do-que-parecia-ddebebd0&amp;utm_source=expresso&amp;utm_medium=locked_article&amp;locked=true&amp;article_id=5e5996bb-d9e5-4ec8-aced-80906fb9a667&amp;author_id=Catarina+Maldonado+Vasconcelos&amp;category=Guerra+na+Ucr\u00e2nia\" target=\"_self\" class=\"\" rel=\"nofollow noopener\">Subscrever<\/a>J\u00e1 \u00e9 Subscritor?Fa\u00e7a login e continue a ler<a href=\"http:\/\/expresso.pt\/codigo?redirectUrl=https:\/\/expresso.pt\/internacional\/guerra-na-ucrania\/2025-11-21-os-28-pontos-do-plano-de-paz-dos-eua-para-a-ucrania-entre-a-capitulacao-e-o-menor-dos-males-o-documento-e-mais-complexo-do-que-parecia-ddebebd0\" target=\"_self\" class=\"\" rel=\"nofollow noopener\">Inserir C\u00f3digo<\/a>Comprou o Expresso?Insira o c\u00f3digo presente na Revista E para continuar a ler<\/p>\n","protected":false},"excerpt":{"rendered":"O plano de paz inaceit\u00e1vel ou o poss\u00edvel? Nas \u00faltimas horas, foram sendo revelados os pormenores do projeto&hellip;\n","protected":false},"author":2,"featured_media":160383,"comment_status":"","ping_status":"","sticky":false,"template":"","format":"standard","meta":{"footnotes":""},"categories":[50],"tags":[27,28,15,16,14,25,26,21,22,62,12,13,19,20,23,24,17,18,29,30,31,63,64,65],"class_list":{"0":"post-160382","1":"post","2":"type-post","3":"status-publish","4":"format-standard","5":"has-post-thumbnail","7":"category-mundo","8":"tag-breaking-news","9":"tag-breakingnews","10":"tag-featured-news","11":"tag-featurednews","12":"tag-headlines","13":"tag-latest-news","14":"tag-latestnews","15":"tag-main-news","16":"tag-mainnews","17":"tag-mundo","18":"tag-news","19":"tag-noticias","20":"tag-noticias-principais","21":"tag-noticiasprincipais","22":"tag-principais-noticias","23":"tag-principaisnoticias","24":"tag-top-stories","25":"tag-topstories","26":"tag-ultimas","27":"tag-ultimas-noticias","28":"tag-ultimasnoticias","29":"tag-world","30":"tag-world-news","31":"tag-worldnews"},"share_on_mastodon":{"url":"https:\/\/pubeurope.com\/@pt\/115589374613626611","error":""},"_links":{"self":[{"href":"https:\/\/www.europesays.com\/pt\/wp-json\/wp\/v2\/posts\/160382","targetHints":{"allow":["GET"]}}],"collection":[{"href":"https:\/\/www.europesays.com\/pt\/wp-json\/wp\/v2\/posts"}],"about":[{"href":"https:\/\/www.europesays.com\/pt\/wp-json\/wp\/v2\/types\/post"}],"author":[{"embeddable":true,"href":"https:\/\/www.europesays.com\/pt\/wp-json\/wp\/v2\/users\/2"}],"replies":[{"embeddable":true,"href":"https:\/\/www.europesays.com\/pt\/wp-json\/wp\/v2\/comments?post=160382"}],"version-history":[{"count":0,"href":"https:\/\/www.europesays.com\/pt\/wp-json\/wp\/v2\/posts\/160382\/revisions"}],"wp:featuredmedia":[{"embeddable":true,"href":"https:\/\/www.europesays.com\/pt\/wp-json\/wp\/v2\/media\/160383"}],"wp:attachment":[{"href":"https:\/\/www.europesays.com\/pt\/wp-json\/wp\/v2\/media?parent=160382"}],"wp:term":[{"taxonomy":"category","embeddable":true,"href":"https:\/\/www.europesays.com\/pt\/wp-json\/wp\/v2\/categories?post=160382"},{"taxonomy":"post_tag","embeddable":true,"href":"https:\/\/www.europesays.com\/pt\/wp-json\/wp\/v2\/tags?post=160382"}],"curies":[{"name":"wp","href":"https:\/\/api.w.org\/{rel}","templated":true}]}}