{"id":160384,"date":"2025-11-21T19:37:18","date_gmt":"2025-11-21T19:37:18","guid":{"rendered":"https:\/\/www.europesays.com\/pt\/160384\/"},"modified":"2025-11-21T19:37:18","modified_gmt":"2025-11-21T19:37:18","slug":"ja-ha-data-para-ligar-as-luzes-de-natal-em-lisboa-e-no-porto","status":"publish","type":"post","link":"https:\/\/www.europesays.com\/pt\/160384\/","title":{"rendered":"J\u00e1 h\u00e1 data para ligar as luzes de Natal em Lisboa e no Porto"},"content":{"rendered":"<p><b>Acompanhe toda a atualidade informativa em\u00a0<\/b><a href=\"http:\/\/24noticias.sapo.pt\/\" rel=\"nofollow noopener\" target=\"_blank\"><b>24noticias.sapo.pt<\/b><\/a><\/p>\n<p>Na capital, tudo come\u00e7a no dia 22 de novembro, este s\u00e1bado \u00e0s 18h30, quando o\u00a0presidente da C\u00e2mara Municipal de Lisboa, Carlos Moedas, participa na inaugura\u00e7\u00e3o das ilumina\u00e7\u00f5es e da \u00e1rvore de Natal, no Terreiro do Pa\u00e7o, iniciativa que marca o in\u00edcio da \u00e9poca natal\u00edcia na cidade.<\/p>\n<p>No local, ser\u00e1 poss\u00edvel assistir a um espet\u00e1culo que reunir\u00e1 em palco a Orquestra do Tejo, a voz da fadista Sara Correia e a guitarra portuguesa de \u00c2ngelo Freire.<\/p>\n<p>Este ano, as ilumina\u00e7\u00f5es totalizam um percurso com 182 km de luz, o equivalente a mais de tr\u00eas voltas \u00e0 cidade, encontrando-se distribu\u00eddas por 46 locais, entre pra\u00e7as, ruas e avenidas da cidade. Destaque ainda para o ic\u00f3nico Pinheiro de Natal, com 30 metros de altura, instalado como habitualmente na Pra\u00e7a do Com\u00e9rcio.<\/p>\n<p>No Porto, o arranque oficial da quadra acontece a 29 de novembro, s\u00e1bado, com a inaugura\u00e7\u00e3o das luzes de Natal, marcada para as 18h00. O momento tem como destaque a grandiosa \u00c1rvore de Natal instalada na Pra\u00e7a do General Humberto Delgado, acompanhada de um espet\u00e1culo de videomapping intitulado \u201cMiss\u00e3o Nutcrackers, O Natal Chega \u00e0 Cidade\u201d, projetado na fachada da C\u00e2mara Municipal.<\/p>\n<p id=\"s-p-embed-69206\" data-start=\"944\" data-end=\"1416\">\u00c0 semelhan\u00e7a do ano passado, 94 arruamentos estar\u00e3o iluminados gra\u00e7as \u00e0 parceria entre a autarquia e a Associa\u00e7\u00e3o de Comerciantes do Porto. O investimento municipal mant\u00e9m-se nos 700 mil euros, refor\u00e7ando a aposta numa ilumina\u00e7\u00e3o sustent\u00e1vel, baseada em tecnologia LED de alta efici\u00eancia. As luzes estar\u00e3o ligadas diariamente das 17h30 \u00e0s 23h00 (de domingo a quinta) e at\u00e9 \u00e0 meia-noite \u00e0s sextas e s\u00e1bados, permanecendo instaladas at\u00e9 ao Dia de Reis, a 6 de janeiro.<\/p>\n<p>__<\/p>\n<p><b>A sua newsletter de sempre, agora ainda mais \u00fatil<\/b><\/p>\n<p>Com o lan\u00e7amento da nova marca de informa\u00e7\u00e3o\u00a0<b>24not\u00edcias<\/b>, estamos a mudar a plataforma de newsletters, aproveitando para refor\u00e7ar a informa\u00e7\u00e3o que os leitores mais valorizam:\u00a0<b>a que lhes \u00e9 \u00fatil, ajuda a tomar decis\u00f5es e a entender o mundo.<\/b><\/p>\n<p><b>Assine a nova newsletter do 24not\u00edcias\u00a0<\/b><a href=\"https:\/\/sapo.us1.list-manage.com\/subscribe?u=8f49263740b14ab5854be8045&amp;id=57a39c5e8f\" rel=\"nofollow noopener\" target=\"_blank\"><b>aqui<\/b><\/a><b>.<\/b><\/p>\n","protected":false},"excerpt":{"rendered":"Acompanhe toda a atualidade informativa em\u00a024noticias.sapo.pt Na capital, tudo come\u00e7a no dia 22 de novembro, este s\u00e1bado \u00e0s&hellip;\n","protected":false},"author":2,"featured_media":160385,"comment_status":"","ping_status":"","sticky":false,"template":"","format":"standard","meta":{"footnotes":""},"categories":[10],"tags":[27,28,15,16,14,25,26,21,22,12,13,19,20,32,23,24,33,17,18,29,30,31],"class_list":{"0":"post-160384","1":"post","2":"type-post","3":"status-publish","4":"format-standard","5":"has-post-thumbnail","7":"category-portugal","8":"tag-breaking-news","9":"tag-breakingnews","10":"tag-featured-news","11":"tag-featurednews","12":"tag-headlines","13":"tag-latest-news","14":"tag-latestnews","15":"tag-main-news","16":"tag-mainnews","17":"tag-news","18":"tag-noticias","19":"tag-noticias-principais","20":"tag-noticiasprincipais","21":"tag-portugal","22":"tag-principais-noticias","23":"tag-principaisnoticias","24":"tag-pt","25":"tag-top-stories","26":"tag-topstories","27":"tag-ultimas","28":"tag-ultimas-noticias","29":"tag-ultimasnoticias"},"share_on_mastodon":{"url":"https:\/\/pubeurope.com\/@pt\/115589378420563596","error":""},"_links":{"self":[{"href":"https:\/\/www.europesays.com\/pt\/wp-json\/wp\/v2\/posts\/160384","targetHints":{"allow":["GET"]}}],"collection":[{"href":"https:\/\/www.europesays.com\/pt\/wp-json\/wp\/v2\/posts"}],"about":[{"href":"https:\/\/www.europesays.com\/pt\/wp-json\/wp\/v2\/types\/post"}],"author":[{"embeddable":true,"href":"https:\/\/www.europesays.com\/pt\/wp-json\/wp\/v2\/users\/2"}],"replies":[{"embeddable":true,"href":"https:\/\/www.europesays.com\/pt\/wp-json\/wp\/v2\/comments?post=160384"}],"version-history":[{"count":0,"href":"https:\/\/www.europesays.com\/pt\/wp-json\/wp\/v2\/posts\/160384\/revisions"}],"wp:featuredmedia":[{"embeddable":true,"href":"https:\/\/www.europesays.com\/pt\/wp-json\/wp\/v2\/media\/160385"}],"wp:attachment":[{"href":"https:\/\/www.europesays.com\/pt\/wp-json\/wp\/v2\/media?parent=160384"}],"wp:term":[{"taxonomy":"category","embeddable":true,"href":"https:\/\/www.europesays.com\/pt\/wp-json\/wp\/v2\/categories?post=160384"},{"taxonomy":"post_tag","embeddable":true,"href":"https:\/\/www.europesays.com\/pt\/wp-json\/wp\/v2\/tags?post=160384"}],"curies":[{"name":"wp","href":"https:\/\/api.w.org\/{rel}","templated":true}]}}