{"id":160390,"date":"2025-11-21T19:43:08","date_gmt":"2025-11-21T19:43:08","guid":{"rendered":"https:\/\/www.europesays.com\/pt\/160390\/"},"modified":"2025-11-21T19:43:08","modified_gmt":"2025-11-21T19:43:08","slug":"cynthia-explica-cuidado-excessivo-com-ariana-grande-e-o-meu-instinto","status":"publish","type":"post","link":"https:\/\/www.europesays.com\/pt\/160390\/","title":{"rendered":"Cynthia explica cuidado excessivo com Ariana Grande: &#8220;\u00c9 o meu instinto&#8221;"},"content":{"rendered":"<p class=\"my-5 break-words group-[.isActiveSource]:text-xl\">A atriz <strong class=\"group-[.isActiveSource]:text-xl group-[.isActiveSource]:font-bold\">Cynthia Erivo<\/strong>, 38, afirmou que o &#8220;cuidado excessivo&#8221; que vem demonstrando com sua colega de elenco em &#8220;Wicked&#8221;, <strong class=\"group-[.isActiveSource]:text-xl group-[.isActiveSource]:font-bold\">Ariana Grande<\/strong>, 32, \u00e9 instintivo, ap\u00f3s o epis\u00f3dio em que um f\u00e3 invadiu o tapete vermelho da premi\u00e8re da adapta\u00e7\u00e3o cinematogr\u00e1fica do musical e tentou abra\u00e7ar a cantora americana \u00e0 for\u00e7a, assustando a todos no local.<\/p>\n<p class=\"my-5 break-words group-[.isActiveSource]:text-xl\">As protagonistas do longa estiveram em v\u00e1rios pa\u00edses recentemente para o lan\u00e7amento de <strong class=\"group-[.isActiveSource]:text-xl group-[.isActiveSource]:font-bold\">&#8220;Wicked: Parte 2&#8221;<\/strong>, mas as intera\u00e7\u00f5es entre elas acabaram virando motivo de preocupa\u00e7\u00e3o e at\u00e9 zombaria para alguns.<\/p>\n<p class=\"my-5 break-words group-[.isActiveSource]:text-xl\">Ap\u00f3s os coment\u00e1rios, Cynthia explicou<a href=\"https:\/\/www.cnnbrasil.com.br\/entretenimento\/wicked-ariana-grande-explica-por-que-toca-demais-em-cynthia-erivo\/\" target=\"_blank\" rel=\"noopener noreferrer nofollow\" class=\"text-red-600 underline hover:text-red-500 font-medium break-words group-[.isActiveSource]:text-xl\"> por que tem estado t\u00e3o atenta \u00e0 amiga<\/a> durante as divulga\u00e7\u00f5es. \u201cEu s\u00f3 quero ter certeza de que minha amiga est\u00e1 segura. Acredito que o rapaz n\u00e3o quis nos machucar, mas a gente nunca sabe nessas situa\u00e7\u00f5es, e eu tive que garantir que ela estava bem. \u00c9 o meu instinto&#8221;, explicou a brit\u00e2nica em entrevista ao programa Today.<\/p>\n<p class=\"my-5 break-words group-[.isActiveSource]:text-xl\">A atriz, que interpreta Elphaba no filme, falou sobre o v\u00ednculo entre as duas durante uma exibi\u00e7\u00e3o especial promovida pelo Sindicato dos Atores (SAG) na Television Academy, em Los Angeles.<\/p>\n<p class=\"my-5 break-words group-[.isActiveSource]:text-xl\">\u201cO mais maravilhoso \u00e9 que existem outras pessoas que se enxergaram nesse filme, nessa personagem, e agora tamb\u00e9m se sentem mais autoconfiantes. Para mim, isso \u00e9 o auge de tudo o que eu poderia desejar de qualquer trabalho que j\u00e1 fiz. E fico muito feliz que, para fazer isso, tive que olhar nos olhos dessa pessoa ao meu lado\u201d, afirmou Cynthia ao Entertainment Weekly.<\/p>\n<p class=\"my-5 break-words group-[.isActiveSource]:text-xl\">\u201cN\u00f3s j\u00e1 passamos por poucas e boas nas nossas vidas, no nosso dia a dia. Quer dizer, at\u00e9 mesmo nessa \u00faltima semana. Vamos ser sinceras, tivemos que lidar com muita coisa, e esse filme nos permitiu crescer muito como pessoas, como amigas, irm\u00e3s, <a href=\"https:\/\/www.cnnbrasil.com.br\/entretenimento\/ariana-grande-e-cynthia-erivo-aumentam-emocao-em-wicked-2-o-que-esperar\/\" target=\"_blank\" rel=\"noopener noreferrer nofollow\" class=\"text-red-600 underline hover:text-red-500 font-medium break-words group-[.isActiveSource]:text-xl\">artistas e como atrizes<\/a>&#8220;, acrescentou.<\/p>\n<p class=\"my-5 break-words group-[.isActiveSource]:text-xl\">Apesar das pol\u00eamicas a respeito da rela\u00e7\u00e3o entre Cynthia e Ariana, a estrela recebeu elogios pela forma r\u00e1pida com que afastou Johnson Wen, o <a href=\"https:\/\/www.cnnbrasil.com.br\/entretenimento\/cynthia-fala-sobre-susto-de-ariana-no-tapete-vermelho-passamos-por-muito\/\" target=\"_blank\" rel=\"noopener noreferrer nofollow\" class=\"text-red-600 underline hover:text-red-500 font-medium break-words group-[.isActiveSource]:text-xl\">f\u00e3 que ultrapassou a barreira<\/a> do evento em Singapura.<\/p>\n<p class=\"my-5 break-words group-[.isActiveSource]:text-xl\">Johnson j\u00e1 \u00e9 conhecido por invadir eventos. Ele interrompeu um show da cantora Katy Perry em junho, uma apresenta\u00e7\u00e3o de The Weeknd em agosto e tamb\u00e9m causou confus\u00e3o durante as Olimp\u00edadas de Paris no ano passado. Ele chegou a ser preso, mas foi liberado posteriormente.<\/p>\n","protected":false},"excerpt":{"rendered":"A atriz Cynthia Erivo, 38, afirmou que o &#8220;cuidado excessivo&#8221; que vem demonstrando com sua colega de elenco&hellip;\n","protected":false},"author":2,"featured_media":160391,"comment_status":"","ping_status":"","sticky":false,"template":"","format":"standard","meta":{"footnotes":""},"categories":[141],"tags":[114,115,149,150,32,33],"class_list":{"0":"post-160390","1":"post","2":"type-post","3":"status-publish","4":"format-standard","5":"has-post-thumbnail","7":"category-musica","8":"tag-entertainment","9":"tag-entretenimento","10":"tag-music","11":"tag-musica","12":"tag-portugal","13":"tag-pt"},"share_on_mastodon":{"url":"https:\/\/pubeurope.com\/@pt\/115589402167245671","error":""},"_links":{"self":[{"href":"https:\/\/www.europesays.com\/pt\/wp-json\/wp\/v2\/posts\/160390","targetHints":{"allow":["GET"]}}],"collection":[{"href":"https:\/\/www.europesays.com\/pt\/wp-json\/wp\/v2\/posts"}],"about":[{"href":"https:\/\/www.europesays.com\/pt\/wp-json\/wp\/v2\/types\/post"}],"author":[{"embeddable":true,"href":"https:\/\/www.europesays.com\/pt\/wp-json\/wp\/v2\/users\/2"}],"replies":[{"embeddable":true,"href":"https:\/\/www.europesays.com\/pt\/wp-json\/wp\/v2\/comments?post=160390"}],"version-history":[{"count":0,"href":"https:\/\/www.europesays.com\/pt\/wp-json\/wp\/v2\/posts\/160390\/revisions"}],"wp:featuredmedia":[{"embeddable":true,"href":"https:\/\/www.europesays.com\/pt\/wp-json\/wp\/v2\/media\/160391"}],"wp:attachment":[{"href":"https:\/\/www.europesays.com\/pt\/wp-json\/wp\/v2\/media?parent=160390"}],"wp:term":[{"taxonomy":"category","embeddable":true,"href":"https:\/\/www.europesays.com\/pt\/wp-json\/wp\/v2\/categories?post=160390"},{"taxonomy":"post_tag","embeddable":true,"href":"https:\/\/www.europesays.com\/pt\/wp-json\/wp\/v2\/tags?post=160390"}],"curies":[{"name":"wp","href":"https:\/\/api.w.org\/{rel}","templated":true}]}}