{"id":160414,"date":"2025-11-21T20:00:10","date_gmt":"2025-11-21T20:00:10","guid":{"rendered":"https:\/\/www.europesays.com\/pt\/160414\/"},"modified":"2025-11-21T20:00:10","modified_gmt":"2025-11-21T20:00:10","slug":"portugal-bate-suica-e-esta-nas-meias-finais-do-mundial-sub-17-futebol-internacional","status":"publish","type":"post","link":"https:\/\/www.europesays.com\/pt\/160414\/","title":{"rendered":"Portugal bate Su\u00ed\u00e7a e est\u00e1 nas meias-finais do Mundial sub-17 | Futebol internacional"},"content":{"rendered":"<p>A selec\u00e7\u00e3o sub-17 de Portugal garantiu esta sexta-feira, no Qatar, a presen\u00e7a nas meias-finais do Campeonato do Mundo da categoria ao bater a Su\u00ed\u00e7a por 2-0, com golos de Mateus Mide (41&#8242;) e Jos\u00e9 Neto (53&#8242;).<\/p>\n<p>Depois de 1989, quando perdeu com a Esc\u00f3cia, a selec\u00e7\u00e3o chega de novo \u00e0s meias-finais de um <a href=\"https:\/\/www.fpf.pt\/pt\/News\/Todas-as-not%C3%ADcias\/Not%C3%ADcia\/news\/53991\" rel=\"nofollow noopener\" target=\"_blank\">Mundial <\/a>da categoria.<\/p>\n<p>Os campe\u00f5es europeus tiveram de aguardar cerca de uma hora pelo desfecho do Marrocos-Brasil (1-2) para conhecer o advers\u00e1rio das meias-finais, compromisso agendado para segunda-feira, dia 24 (14h), com a selec\u00e7\u00e3o &#8220;canarinha&#8221;, que cumpriu o cent\u00e9simo jogo na competi\u00e7\u00e3o e s\u00f3 carimbou a passagem com um golo aos 90+5&#8242;.<\/p>\n<p><a href=\"https:\/\/www.publico.pt\/2025\/11\/06\/desporto\/noticia\/portugal-aplica-nova-goleada-mundial-sub17-frente-marrocos-2153623\" rel=\"nofollow noopener\" target=\"_blank\">Marrocos, advers\u00e1rio goleado por Portugal (6-0) <\/a>na fase de grupos, ficou pelo caminho.<\/p>\n<p>        &#13;<\/p>\n<blockquote class=\"twitter-tweet\" data-media-max-width=\"560\">\n<p lang=\"pt\" dir=\"ltr\">Mateus Mide faz o primeiro para Portugal, nos quartos de final do Mundial de Sub-17! ????<a href=\"https:\/\/twitter.com\/hashtag\/Canal11?src=hash&amp;ref_src=twsrc%5Etfw\" rel=\"nofollow noopener\" target=\"_blank\">#Canal11<\/a> <a href=\"https:\/\/twitter.com\/hashtag\/FutebolEmPortugu%C3%AAs?src=hash&amp;ref_src=twsrc%5Etfw\" rel=\"nofollow noopener\" target=\"_blank\">#FutebolEmPortugu\u00eas<\/a> <a href=\"https:\/\/t.co\/KJoZ2jdEbc\" rel=\"nofollow\">pic.twitter.com\/KJoZ2jdEbc<\/a><\/p>\n<p>\u2014 Canal 11 (@Canal_11Oficial) <a href=\"https:\/\/twitter.com\/Canal_11Oficial\/status\/1991907454624399651?ref_src=twsrc%5Etfw\" rel=\"nofollow noopener\" target=\"_blank\">November 21, 2025<\/a><\/p><\/blockquote>\n<p> &#13;<\/p>\n<p>Portugal precisou de 21 minutos para conseguir dominar a Su\u00ed\u00e7a, selec\u00e7\u00e3o que durante esse per\u00edodo conseguiu criar duas oportunidades de golo, amea\u00e7ando condicionar a din\u00e2mica dos portugueses.<\/p>\n<p>Desfeita a rela\u00e7\u00e3o de equil\u00edbrio que caracterizou o in\u00edcio do encontro &#8211; e em que Portugal tamb\u00e9m poderia ter mexido com o marcador um par de vezes -, a equipa de Bino Ma\u00e7\u00e3es assumiu o controlo, tornando-se numa amea\u00e7a constante.<\/p>\n<p>        &#13;<br \/>\n             <a class=\"embedly-card\" data-card-controls=\"0\" href=\"https:\/\/www.plus.fifa.com\/en\/player\/bacf5765-cce6-415d-bbec-1cced569f2ca?catalogId=ea2513ec-7134-48f1-8a8b-ba6f4116a77a&amp;entryPoint=CTA\" rel=\"nofollow noopener\" target=\"_blank\">&#13;<\/p>\n<p>De resto, s\u00f3 por mera infelicidade de Mateus Mide e Stevan Manuel \u00e9 que Portugal n\u00e3o construiu uma vantagem s\u00f3lida ainda antes do intervalo.<\/p>\n<p>Descanso que chegou pouco depois de Mide (41&#8242;) ter desbloqueado o jogo num ataque \u00e0 profundidade bem explorado por An\u00edsio Cabral e aproveitado pelo criativo portista para colocar Portugal no comando.<\/p>\n<p>Em desvantagem, a Su\u00ed\u00e7a &#8211; selec\u00e7\u00e3o que em 2009 foi campe\u00e3 do Mundo com um golo de Haris Seferovic, na final com a Nig\u00e9ria &#8211; nunca mais encontrou espa\u00e7o para contrariar a superioridade lusa, refor\u00e7ada pelo golo de Jos\u00e9 Neto (53&#8242;), num remate fulminante que ajudou a dissipar d\u00favidas.<\/p>\n<p>Os helv\u00e9ticos ainda tentaram reentrar na discuss\u00e3o do jogo, com Mijailovic, o melhor da Su\u00ed\u00e7a, a criar alguns problemas \u00e0 entrada dos 20 minutos finais, fase em que Portugal operou algumas substitui\u00e7\u00f5es para proteger jogadores em risco de exclus\u00e3o, permitindo uma reac\u00e7\u00e3o do advers\u00e1rio.<\/p>\n<p>A Su\u00ed\u00e7a tentou de bola parada e, em desespero, pediu a revis\u00e3o de um lance na \u00e1rea, na esperan\u00e7a de ganhar um pen\u00e1lti inexistente, confirmado pelo suporte de v\u00eddeo e pela equipa de arbitragem, que, dessa forma, p\u00f4s um ponto final nas aspira\u00e7\u00f5es su\u00ed\u00e7as.<\/p>\n<p>            <script async src=\"https:\/\/platform.twitter.com\/widgets.js\" charset=\"utf-8\"><\/script><\/p>\n","protected":false},"excerpt":{"rendered":"A selec\u00e7\u00e3o sub-17 de Portugal garantiu esta sexta-feira, no Qatar, a presen\u00e7a nas meias-finais do Campeonato do Mundo&hellip;\n","protected":false},"author":2,"featured_media":160415,"comment_status":"","ping_status":"","sticky":false,"template":"","format":"standard","meta":{"footnotes":""},"categories":[87],"tags":[6026,135,138,32,33,8687,17019,134,31532],"class_list":{"0":"post-160414","1":"post","2":"type-post","3":"status-publish","4":"format-standard","5":"has-post-thumbnail","7":"category-desporto","8":"tag-campeonato-do-mundo","9":"tag-desporto","10":"tag-futebol-internacional","11":"tag-portugal","12":"tag-pt","13":"tag-qatar","14":"tag-seleccao","15":"tag-sports","16":"tag-sub-17"},"share_on_mastodon":{"url":"https:\/\/pubeurope.com\/@pt\/115589469168743548","error":""},"_links":{"self":[{"href":"https:\/\/www.europesays.com\/pt\/wp-json\/wp\/v2\/posts\/160414","targetHints":{"allow":["GET"]}}],"collection":[{"href":"https:\/\/www.europesays.com\/pt\/wp-json\/wp\/v2\/posts"}],"about":[{"href":"https:\/\/www.europesays.com\/pt\/wp-json\/wp\/v2\/types\/post"}],"author":[{"embeddable":true,"href":"https:\/\/www.europesays.com\/pt\/wp-json\/wp\/v2\/users\/2"}],"replies":[{"embeddable":true,"href":"https:\/\/www.europesays.com\/pt\/wp-json\/wp\/v2\/comments?post=160414"}],"version-history":[{"count":0,"href":"https:\/\/www.europesays.com\/pt\/wp-json\/wp\/v2\/posts\/160414\/revisions"}],"wp:featuredmedia":[{"embeddable":true,"href":"https:\/\/www.europesays.com\/pt\/wp-json\/wp\/v2\/media\/160415"}],"wp:attachment":[{"href":"https:\/\/www.europesays.com\/pt\/wp-json\/wp\/v2\/media?parent=160414"}],"wp:term":[{"taxonomy":"category","embeddable":true,"href":"https:\/\/www.europesays.com\/pt\/wp-json\/wp\/v2\/categories?post=160414"},{"taxonomy":"post_tag","embeddable":true,"href":"https:\/\/www.europesays.com\/pt\/wp-json\/wp\/v2\/tags?post=160414"}],"curies":[{"name":"wp","href":"https:\/\/api.w.org\/{rel}","templated":true}]}}