{"id":160422,"date":"2025-11-21T20:08:41","date_gmt":"2025-11-21T20:08:41","guid":{"rendered":"https:\/\/www.europesays.com\/pt\/160422\/"},"modified":"2025-11-21T20:08:41","modified_gmt":"2025-11-21T20:08:41","slug":"valenca-esta-freguesia-vai-outra-vez-a-eleicoes-saiba-porque","status":"publish","type":"post","link":"https:\/\/www.europesays.com\/pt\/160422\/","title":{"rendered":"Valen\u00e7a: Esta freguesia vai outra vez a elei\u00e7\u00f5es. Saiba porqu\u00ea"},"content":{"rendered":"<p>A freguesia de Cerdal, em Valen\u00e7a, vai ter de repetir as elei\u00e7\u00f5es aut\u00e1rquicas. <strong>Mas apenas para a Assembleia de Freguesia.<\/strong><\/p>\n<p>\u00a0<\/p>\n<p>Apurou a R\u00e1dio Vale do Minho junto de fonte ligada \u00e0quele org\u00e3o aut\u00e1rquico que o <strong>Presidente da Junta, Hugo Silva, eleito pelo PS, chegou a tomar posse. Mas sem maioria absoluta.<\/strong><\/p>\n<p>\u00a0<\/p>\n<p><strong>As tr\u00eas for\u00e7as pol\u00edticas naquele org\u00e3o \u2013 PS, PSD, e Chega \u2013 n\u00e3o chegaram a um entendimento.<\/strong> Mesmo ap\u00f3s duas tentativas, Executivo e Mesa da Junta de Freguesia n\u00e3o chegaram a ser instalados.<\/p>\n<p>\u00a0<\/p>\n<p>\u201cRealizou-se ontem [quarta-feira] a segunda Assembleia de Freguesia destinada \u00e0 elei\u00e7\u00e3o do executivo e da mesa da Junta de Freguesia. <strong>Embora tenham sido apresentadas pela lista vencedora [PS] v\u00e1rias propostas orientadas para garantir a estabilidade, a governabilidade e a adequada representatividade dos resultados das elei\u00e7\u00f5es de 12 de outubro, nenhuma delas obteve aprova\u00e7\u00e3o por parte dos restantes membros da rec\u00e9m-eleita Assembleia\u201d<\/strong>, referiu a mesma fonte.<\/p>\n<p>\u00a0<\/p>\n<p><strong>\u201cEste impasse inviabiliza a constitui\u00e7\u00e3o dos \u00f3rg\u00e3os e conduz, nos termos legais, \u00e0 necessidade de convoca\u00e7\u00e3o de novas elei\u00e7\u00f5es para a Junta de Freguesia de Cerdal\u201d<\/strong>, acrescentou.<\/p>\n<p>\u00a0<\/p>\n<p>Recorde-se que, ap\u00f3s as elei\u00e7\u00f5es aut\u00e1rquicas do passado dia 12 de outubro,<strong> o PS venceu nesta freguesia com 47,97% dos votos. Elegeu quatro elementos.<\/strong><\/p>\n<p>\u00a0<\/p>\n<p><strong>O PSD<\/strong> obteve 29,42% dos votos e elegeu tr\u00eas. <strong>O Chega<\/strong> alcan\u00e7ou 19,51% e elegeu dois.<\/p>\n<p>\u00a0<\/p>\n<p>A data do pr\u00f3ximo sufr\u00e1gio para esta Assembleia de Freguesia ainda n\u00e3o \u00e9 conhecida.<\/p>\n<p>\u00a0<\/p>\n<p>\u00a0<\/p>\n<p>\u00a0<\/p>\n<p>[cr\u00e9dito fotografia: Google Maps]<\/p>\n","protected":false},"excerpt":{"rendered":"A freguesia de Cerdal, em Valen\u00e7a, vai ter de repetir as elei\u00e7\u00f5es aut\u00e1rquicas. Mas apenas para a Assembleia&hellip;\n","protected":false},"author":2,"featured_media":160423,"comment_status":"","ping_status":"","sticky":false,"template":"","format":"standard","meta":{"footnotes":""},"categories":[10],"tags":[27,28,15,16,14,25,26,21,22,12,13,19,20,32,23,24,33,17,18,29,30,31],"class_list":{"0":"post-160422","1":"post","2":"type-post","3":"status-publish","4":"format-standard","5":"has-post-thumbnail","7":"category-portugal","8":"tag-breaking-news","9":"tag-breakingnews","10":"tag-featured-news","11":"tag-featurednews","12":"tag-headlines","13":"tag-latest-news","14":"tag-latestnews","15":"tag-main-news","16":"tag-mainnews","17":"tag-news","18":"tag-noticias","19":"tag-noticias-principais","20":"tag-noticiasprincipais","21":"tag-portugal","22":"tag-principais-noticias","23":"tag-principaisnoticias","24":"tag-pt","25":"tag-top-stories","26":"tag-topstories","27":"tag-ultimas","28":"tag-ultimas-noticias","29":"tag-ultimasnoticias"},"share_on_mastodon":{"url":"https:\/\/pubeurope.com\/@pt\/115589500417800399","error":""},"_links":{"self":[{"href":"https:\/\/www.europesays.com\/pt\/wp-json\/wp\/v2\/posts\/160422","targetHints":{"allow":["GET"]}}],"collection":[{"href":"https:\/\/www.europesays.com\/pt\/wp-json\/wp\/v2\/posts"}],"about":[{"href":"https:\/\/www.europesays.com\/pt\/wp-json\/wp\/v2\/types\/post"}],"author":[{"embeddable":true,"href":"https:\/\/www.europesays.com\/pt\/wp-json\/wp\/v2\/users\/2"}],"replies":[{"embeddable":true,"href":"https:\/\/www.europesays.com\/pt\/wp-json\/wp\/v2\/comments?post=160422"}],"version-history":[{"count":0,"href":"https:\/\/www.europesays.com\/pt\/wp-json\/wp\/v2\/posts\/160422\/revisions"}],"wp:featuredmedia":[{"embeddable":true,"href":"https:\/\/www.europesays.com\/pt\/wp-json\/wp\/v2\/media\/160423"}],"wp:attachment":[{"href":"https:\/\/www.europesays.com\/pt\/wp-json\/wp\/v2\/media?parent=160422"}],"wp:term":[{"taxonomy":"category","embeddable":true,"href":"https:\/\/www.europesays.com\/pt\/wp-json\/wp\/v2\/categories?post=160422"},{"taxonomy":"post_tag","embeddable":true,"href":"https:\/\/www.europesays.com\/pt\/wp-json\/wp\/v2\/tags?post=160422"}],"curies":[{"name":"wp","href":"https:\/\/api.w.org\/{rel}","templated":true}]}}