{"id":160424,"date":"2025-11-21T20:09:21","date_gmt":"2025-11-21T20:09:21","guid":{"rendered":"https:\/\/www.europesays.com\/pt\/160424\/"},"modified":"2025-11-21T20:09:21","modified_gmt":"2025-11-21T20:09:21","slug":"estas-com-frio-a-madrugada-mais-fria-da-semana-esta-a-caminho","status":"publish","type":"post","link":"https:\/\/www.europesays.com\/pt\/160424\/","title":{"rendered":"Est\u00e1s com frio? A madrugada mais fria da semana est\u00e1 a caminho"},"content":{"rendered":"<p>Quando achavas que n\u00e3o podia ficar mais frio em Portugal, eis que o tempo te troca as voltas. Isto porque a madrugada mais fria da semana ainda n\u00e3o chegou. Ali\u00e1s est\u00e1 a caminho para te presentear com um ar fresquinho que s\u00f3 te vai dificultar o momento de sair da cama. A boa not\u00edcia \u00e9 que ser\u00e1 no fim-de-semana.\n<\/p>\n<p>Segundo o IPMA, Portugal continental est\u00e1 a ser atravessado por uma massa de ar de origem polar, da\u00ed as noites geladas e as geadas no interior.\n<\/p>\n<p>Esta sexta-feira a massa de ar polar est\u00e1 a fazer-se sentir em pleno, com valores 4 a 6 \u00baC abaixo da m\u00e9dia climatol\u00f3gica em praticamente todo o territ\u00f3rio. As regi\u00f5es do Minho, Douro Litoral, interior Centro e Alto Alentejo dever\u00e3o sentir as anomalias t\u00e9rmicas mais marcadas, chegando localmente aos -6 \u00baC de desvio \u00e0 m\u00e9dia.\n<\/p>\n<p>Mesmo as zonas habitualmente mais suaves &#8211; como Lisboa, Ribatejo, Baixo Alentejo e Algarve &#8211; n\u00e3o escapam, com anomalias de -4 a -5 \u00baC. \u00c9 esta descida generalizada que explica a sensa\u00e7\u00e3o de frio &#8220;fora de \u00e9poca&#8221; para um final de novembro.\n<\/p>\n<p><strong>\ud83e\uddca S\u00e1bado de madrugada: o pico deste epis\u00f3dio de frio<\/strong>\n<\/p>\n<p>A madrugada de s\u00e1bado promete ser a mais fria desta passagem de ar polar. Logo a partir das 22h de hoje, as temperaturas v\u00e3o come\u00e7ar a cair de forma acentuada no interior Norte e Nordeste Transmontano, onde os term\u00f3metros podem marcar -1 a -2 \u00baC ainda antes da meia-noite.\n<\/p>\n<p>Durante a madrugada, o ar gelado vai acumular-se nos vales e planaltos, favorecendo geadas generalizadas. A aus\u00eancia de vento e o ar seco v\u00e3o intensificar a sensa\u00e7\u00e3o de frio.\n<\/p>\n<p>Entre as 07h e as 08h de s\u00e1bado, esperam-se os valores mais rigorosos, com grande parte de Tr\u00e1s-os-Montes e Terra Fria a registar 0 \u00baC ou temperaturas negativas, podendo chegar aos -2\/-3 \u00baC em concelhos como Vinhais, Miranda do Douro, Alf\u00e2ndega da F\u00e9 ou Macedo de Cavaleiros.\n<\/p>\n<p>At\u00e9 s\u00e1bado, mant\u00e9m-se o dom\u00ednio do anticiclone, garantindo tempo est\u00e1vel, seco e sem precipita\u00e7\u00e3o. As noites continuar\u00e3o muito frias, com forma\u00e7\u00e3o de neblinas e geada nas zonas mais abrigadas. As tardes, por sua vez, ser\u00e3o luminosas, embora frias.\n<\/p>\n<p>Os principais modelos meteorol\u00f3gicos apontam para uma dura\u00e7\u00e3o curta deste epis\u00f3dio, mas a intensidade do frio pode ainda sofrer pequenos ajustes ao longo dos pr\u00f3ximos dias.<\/p>\n","protected":false},"excerpt":{"rendered":"Quando achavas que n\u00e3o podia ficar mais frio em Portugal, eis que o tempo te troca as voltas.&hellip;\n","protected":false},"author":2,"featured_media":160425,"comment_status":"","ping_status":"","sticky":false,"template":"","format":"standard","meta":{"footnotes":""},"categories":[8],"tags":[783,778,779,774,27,28,764,769,767,772,782,15,16,784,14,222,771,25,26,773,21,22,149,12,768,13,19,20,777,32,23,24,33,766,781,765,763,775,780,776,770,17,18,29,30,31],"class_list":{"0":"post-160424","1":"post","2":"type-post","3":"status-publish","4":"format-standard","5":"has-post-thumbnail","7":"category-principais-noticias","8":"tag-6pm","9":"tag-80s-rfm","10":"tag-80srfm","11":"tag-90s","12":"tag-breaking-news","13":"tag-breakingnews","14":"tag-bruno-mars","15":"tag-cafe-da-manha","16":"tag-comedia","17":"tag-dance-it","18":"tag-emissao-online","19":"tag-featured-news","20":"tag-featurednews","21":"tag-fridayboyz","22":"tag-headlines","23":"tag-humor","24":"tag-jazzy","25":"tag-latest-news","26":"tag-latestnews","27":"tag-latinas","28":"tag-main-news","29":"tag-mainnews","30":"tag-music","31":"tag-news","32":"tag-nilton","33":"tag-noticias","34":"tag-noticias-principais","35":"tag-noticiasprincipais","36":"tag-oceano-pacifico","37":"tag-portugal","38":"tag-principais-noticias","39":"tag-principaisnoticias","40":"tag-pt","41":"tag-radio","42":"tag-radio-online","43":"tag-rfm","44":"tag-rock-in-rio","45":"tag-rocks","46":"tag-somnii","47":"tag-toca-portugal","48":"tag-top-25","49":"tag-top-stories","50":"tag-topstories","51":"tag-ultimas","52":"tag-ultimas-noticias","53":"tag-ultimasnoticias"},"share_on_mastodon":{"url":"","error":"Validation failed: Text character limit of 500 exceeded"},"_links":{"self":[{"href":"https:\/\/www.europesays.com\/pt\/wp-json\/wp\/v2\/posts\/160424","targetHints":{"allow":["GET"]}}],"collection":[{"href":"https:\/\/www.europesays.com\/pt\/wp-json\/wp\/v2\/posts"}],"about":[{"href":"https:\/\/www.europesays.com\/pt\/wp-json\/wp\/v2\/types\/post"}],"author":[{"embeddable":true,"href":"https:\/\/www.europesays.com\/pt\/wp-json\/wp\/v2\/users\/2"}],"replies":[{"embeddable":true,"href":"https:\/\/www.europesays.com\/pt\/wp-json\/wp\/v2\/comments?post=160424"}],"version-history":[{"count":0,"href":"https:\/\/www.europesays.com\/pt\/wp-json\/wp\/v2\/posts\/160424\/revisions"}],"wp:featuredmedia":[{"embeddable":true,"href":"https:\/\/www.europesays.com\/pt\/wp-json\/wp\/v2\/media\/160425"}],"wp:attachment":[{"href":"https:\/\/www.europesays.com\/pt\/wp-json\/wp\/v2\/media?parent=160424"}],"wp:term":[{"taxonomy":"category","embeddable":true,"href":"https:\/\/www.europesays.com\/pt\/wp-json\/wp\/v2\/categories?post=160424"},{"taxonomy":"post_tag","embeddable":true,"href":"https:\/\/www.europesays.com\/pt\/wp-json\/wp\/v2\/tags?post=160424"}],"curies":[{"name":"wp","href":"https:\/\/api.w.org\/{rel}","templated":true}]}}