{"id":160428,"date":"2025-11-21T20:13:25","date_gmt":"2025-11-21T20:13:25","guid":{"rendered":"https:\/\/www.europesays.com\/pt\/160428\/"},"modified":"2025-11-21T20:13:25","modified_gmt":"2025-11-21T20:13:25","slug":"longe-da-tv-gala-de-terra-nostra-se-dedica-ao-vinho-aos-60-anos","status":"publish","type":"post","link":"https:\/\/www.europesays.com\/pt\/160428\/","title":{"rendered":"Longe da TV, gal\u00e3 de Terra Nostra se dedica ao vinho aos 60 anos"},"content":{"rendered":"<p><a href=\"https:\/\/natelinha.uol.com.br\/famosos\/2025\/11\/21\/alba\" rel=\"nofollow noopener\" target=\"_blank\">Juan Alba<\/a> interpretou Josu\u00e9, personagem que movimenta os pr\u00f3ximos cap\u00edtulos da novela <a href=\"https:\/\/natelinha.uol.com.br\/novelas\/terra-nostra\" rel=\"nofollow noopener\" target=\"_blank\">Terra Nostra<\/a>. A novela, exibida originalmente entre 1999 e 2000, est\u00e1 sendo reprisada em Edi\u00e7\u00e3o Especial, nas tardes da Globo. Longe da TV, ele est\u00e1 com 60 anos e se dedica ao vinho.<\/p>\n<p>Na trama, Josu\u00e9 \u00e9 um cocheiro que vai trabalhar na casa de <a href=\"https:\/\/natelinha.uol.com.br\/novelas\/terra-nostra\/personagem\/francesco\" rel=\"nofollow noopener\" target=\"_blank\">Francesco<\/a> (Raul Cortez) e acaba se envolvendo com <a href=\"https:\/\/natelinha.uol.com.br\/novelas\/terra-nostra\/personagem\/janete\" rel=\"nofollow noopener\" target=\"_blank\">Janete<\/a> (\u00c2ngela Vieira).<\/p>\n<p>+\u00a0<a href=\"https:\/\/natelinha.uol.com.br\/novelas\/2025\/11\/21\/papel-de-antonio-fagundes-em-rainha-da-sucata-seria-de-outro-ator-saiba-quem-234189.php\" rel=\"nofollow noopener\" target=\"_blank\">Papel de Antonio Fagundes em Rainha da Sucata seria de outro ator; saiba quem<\/a><\/p>\n<p>continua depois da publicidade<\/p>\n<p>Juan Alba come\u00e7ou a carreira como modelo, nos anos 1980 e 1990. A estreia na TV foi como rep\u00f3rter no programa Brasil Verdade, na Band, em 1997. Em seguida, passou a se dedicar \u00e0s artes c\u00eanicas.<\/p>\n<p>A primeira novela foi justamente Terra Nostra. Depois, fez Roda da Vida (2001), na Record, e Marisol (2002) e Seus Olhos (2004), no SBT.<\/p>\n<p>De volta \u00e0 Globo, atuou em Am\u00e9rica (2005), Malha\u00e7\u00e3o (2006), Sete Pecados (2007) e Duas Caras (2008), al\u00e9m de fazer participa\u00e7\u00f5es em outras novelas e s\u00e9ries. O curr\u00edculo inclui pap\u00e9is em Velho Chico (2016), Dois Irm\u00e3os (2017), Tempo de Amar (2017), O Outro Lado do Para\u00edso (2018).<\/p>\n<p>continua depois da publicidade<\/p>\n<p>Na Record, fez ainda Os Mutantes (2008), A Hist\u00f3ria de Ester (2010), Rebelde (2011), Dona Xepa (2014), Milagres de Jesus (2014), Plano Alto (2014), entre outros trabalhos como ator e apresentador. Os \u00faltimos pap\u00e9is foram em Jezabel (2019), Amor sem Igual (2019) e Todas as Garotas em Mim (2022).<\/p>\n<p><img decoding=\"async\" loading=\"lazy\" class=\"horizontal\" src=\"https:\/\/www.europesays.com\/pt\/wp-content\/uploads\/2025\/11\/juan-alba-vinho_7544.jpeg\" alt=\"Longe da TV, gal\u00e3 de Terra Nostra se dedica ao vinho aos 60 anos\"\/><\/p>\n<p>Aos 60 anos, al\u00e9m dos trabalhos como ator, dedica-se \u00e0 produ\u00e7\u00e3o de conte\u00fado e de eventos sobre o universo do vinho. Ele produz v\u00eddeos a respeito da enogastronomia para as redes sociais. Confira:<\/p>\n<blockquote class=\"instagram-media\" data-instgrm-captioned=\"\" data-instgrm-version=\"7\" style=\"width:100%;\"><p>\n\t\t\t\t\t\t\t\t\t<a href=\"https:\/\/www.instagram.com\/p\/DF6IcwWxsiQ\/\" rel=\"nofollow noopener\" target=\"_blank\">\n\t\t\t\t\t\t\t\t<\/p><\/blockquote>\n<p>Exibida originalmente na Globo entre 1999 e 2000, <a href=\"https:\/\/natelinha.uol.com.br\/novelas\/terra-nostra\" rel=\"nofollow noopener\" target=\"_blank\">Terra Nostra<\/a> foi escrita por Benedito Ruy Barbosa, com colabora\u00e7\u00e3o de Edmara Barbosa e Edilene Barbosa. Teve dire\u00e7\u00e3o geral de Jayme Monjardim e dire\u00e7\u00e3o de Marcelo Travesso e Carlos Magalh\u00e3es.<\/p>\n<p>continua depois da publicidade<\/p>\n<p>O <strong>NaTelinha<\/strong> divulga todos os dias os resumos dos cap\u00edtulos, detalhes dos personagens, entrevistas exclusivas com o elenco e spoilers da novela Terra Nostra. <a href=\"https:\/\/natelinha.uol.com.br\/novelas\" rel=\"nofollow noopener\" target=\"_blank\">Confira!<\/a><\/p>\n<p>                    <script async src=\"\/\/www.instagram.com\/embed.js\"><\/script><\/p>\n","protected":false},"excerpt":{"rendered":"Juan Alba interpretou Josu\u00e9, personagem que movimenta os pr\u00f3ximos cap\u00edtulos da novela Terra Nostra. A novela, exibida originalmente&hellip;\n","protected":false},"author":2,"featured_media":160429,"comment_status":"","ping_status":"","sticky":false,"template":"","format":"standard","meta":{"footnotes":""},"categories":[142],"tags":[114,115,753,34130,34129,32,33,7312,151],"class_list":{"0":"post-160428","1":"post","2":"type-post","3":"status-publish","4":"format-standard","5":"has-post-thumbnail","7":"category-tv","8":"tag-entertainment","9":"tag-entretenimento","10":"tag-globo","11":"tag-josue-terra-nostra","12":"tag-juan-alba","13":"tag-portugal","14":"tag-pt","15":"tag-terra-nostra","16":"tag-tv"},"share_on_mastodon":{"url":"https:\/\/pubeurope.com\/@pt\/115589520581064049","error":""},"_links":{"self":[{"href":"https:\/\/www.europesays.com\/pt\/wp-json\/wp\/v2\/posts\/160428","targetHints":{"allow":["GET"]}}],"collection":[{"href":"https:\/\/www.europesays.com\/pt\/wp-json\/wp\/v2\/posts"}],"about":[{"href":"https:\/\/www.europesays.com\/pt\/wp-json\/wp\/v2\/types\/post"}],"author":[{"embeddable":true,"href":"https:\/\/www.europesays.com\/pt\/wp-json\/wp\/v2\/users\/2"}],"replies":[{"embeddable":true,"href":"https:\/\/www.europesays.com\/pt\/wp-json\/wp\/v2\/comments?post=160428"}],"version-history":[{"count":0,"href":"https:\/\/www.europesays.com\/pt\/wp-json\/wp\/v2\/posts\/160428\/revisions"}],"wp:featuredmedia":[{"embeddable":true,"href":"https:\/\/www.europesays.com\/pt\/wp-json\/wp\/v2\/media\/160429"}],"wp:attachment":[{"href":"https:\/\/www.europesays.com\/pt\/wp-json\/wp\/v2\/media?parent=160428"}],"wp:term":[{"taxonomy":"category","embeddable":true,"href":"https:\/\/www.europesays.com\/pt\/wp-json\/wp\/v2\/categories?post=160428"},{"taxonomy":"post_tag","embeddable":true,"href":"https:\/\/www.europesays.com\/pt\/wp-json\/wp\/v2\/tags?post=160428"}],"curies":[{"name":"wp","href":"https:\/\/api.w.org\/{rel}","templated":true}]}}