{"id":160431,"date":"2025-11-21T20:15:10","date_gmt":"2025-11-21T20:15:10","guid":{"rendered":"https:\/\/www.europesays.com\/pt\/160431\/"},"modified":"2025-11-21T20:15:10","modified_gmt":"2025-11-21T20:15:10","slug":"arte-conceitual-enfim-revela-vilao-interdimensional","status":"publish","type":"post","link":"https:\/\/www.europesays.com\/pt\/160431\/","title":{"rendered":"Arte conceitual enfim revela vil\u00e3o interdimensional"},"content":{"rendered":"<p>Enquanto <strong>James Gunn\u00a0<\/strong>prepara<a href=\"https:\/\/www.omelete.com.br\/busca?q=superman+2\" rel=\"nofollow noopener\" target=\"_blank\"><strong> Superman: O Homem do Amanh\u00e3<\/strong><\/a>, pr\u00f3ximo filme do her\u00f3i vivido por\u00a0<strong>David Corenswet<\/strong>, uma s\u00e9rie de artes conceituais do primeiro filme, lan\u00e7ado este ano, revelou detalhes in\u00e9ditos de um vil\u00e3o interdimensional visto na hist\u00f3ria.<\/p>\n<p>O tal ser &#8220;intedimensional&#8221; que surge nos c\u00e9us de Metrop\u00f3lis numa noite, e figura nos materiais de divulga\u00e7\u00e3o do filme desde a primeira imagem do Superman de Corenswet, foi fonte de muitos debates. F\u00e3s teorizavam que ele era o Solaris ou coisa do tipo. Agora, podemos v\u00ea-lo de perto.<\/p>\n<p>            Continua depois da Publicidade<\/p>\n<p>As imagens v\u00eam com um nome que, chutamos, n\u00e3o \u00e9 oficial. Elas chamam a criatura de uma &#8220;\u00e1gua-viva.&#8221; Numa das imagens, vemos o Lanterna Verde se aproximando para uma luta. No filme, a Gangue da Justi\u00e7a, com o Lanterna Verde Guy Gardner, \u00e9 quem enfrenta o ser.<\/p>\n<p>    <strong>Tudo sobre Man of Tomorrow, a continua\u00e7\u00e3o de Superman<\/strong><\/p>\n<p>Depois de arrecadar mais de US$ 610 milh\u00f5es e garantir uma \u00f3tima recep\u00e7\u00e3o cr\u00edtica,\u00a0Superman\u00a0ganhar\u00e1 uma continua\u00e7\u00e3o em julho de 2027 chamada <strong>M<\/strong><strong>an of Tomorrow<\/strong>, ou\u00a0Homem do Amanh\u00e3. Novamente com dire\u00e7\u00e3o e roteiro de\u00a0<strong>James Gunn<\/strong>, o filme trar\u00e1 de volta\u00a0<strong>David Corenswet\u00a0<\/strong>como Clark Kent,\u00a0<strong>Nicholas Hoult\u00a0<\/strong>como Lex Luthor e\u00a0<strong>Rachel Brosnahan\u00a0<\/strong>como Lois Lane.<\/p>\n<p>Al\u00e9m deles, \u00e9 esperado que a Gangue da Justi\u00e7a (<strong>Nathan Fillion\u00a0<\/strong>como Lanterna Verde,\u00a0<strong>Isabela Merced\u00a0<\/strong>como Mulher-Gavi\u00e3o,\u00a0<strong>Edi Gathegi\u00a0<\/strong>como Senhor Incr\u00edvel e\u00a0<strong>Anthony Carrigan\u00a0<\/strong>como Metamorfo) retornem, reprisando os pap\u00e9is dos her\u00f3is.<\/p>\n<p>            Continua depois da Publicidade<\/p>\n<p>    <strong>Qual \u00e9 a hist\u00f3ria de Superman: Man of Tomorrow?<\/strong><\/p>\n<p>A hist\u00f3ria envolver\u00e1 Superman e Lex Luthor for\u00e7ados a trabalhar juntos numa fr\u00e1gil uni\u00e3o para impedir uma amea\u00e7a ao planeta. Gunn ainda n\u00e3o revelou que antagonista ser\u00e1 respons\u00e1vel por colocar her\u00f3i e vil\u00e3o do mesmo lado, mas a teoria principal (uma que ganhou for\u00e7a depois que uma foto do roteiro mostrou um c\u00e9rebro na capa) \u00e9 a de Brainiac, intelig\u00eancia artificial que, muitas vezes, \u00e9 tida como a respons\u00e1vel pela destrui\u00e7\u00e3o de Krypton nos quadrinhos.<\/p>\n<p>Sabemos, por\u00e9m, que Lex Luthor finalmente usar\u00e1 sua armadura verde e poderosa em\u00a0Man of Tomorrow. Essa ser\u00e1 a primeira vez que o equipamento, usado pelo vil\u00e3o quando ele decide resolver as coisas com o pr\u00f3prio bra\u00e7o, ser\u00e1 visto num filme live-action.<\/p>\n<p>Man of Tomorrow, a continua\u00e7\u00e3o de\u00a0Superman,\u00a0estreia no Brasil em\u00a08 de julho de 2027. Seu lan\u00e7amento ser\u00e1 no anivers\u00e1rio de dois anos de\u00a0Superman, que j\u00e1 est\u00e1 dispon\u00edvel no HBO Max.<\/p>\n<p>            Continua depois da Publicidade<\/p>\n","protected":false},"excerpt":{"rendered":"Enquanto James Gunn\u00a0prepara Superman: O Homem do Amanh\u00e3, pr\u00f3ximo filme do her\u00f3i vivido por\u00a0David Corenswet, uma s\u00e9rie de&hellip;\n","protected":false},"author":2,"featured_media":160432,"comment_status":"","ping_status":"","sticky":false,"template":"","format":"standard","meta":{"footnotes":""},"categories":[140],"tags":[114,115,147,148,146,32,33],"class_list":{"0":"post-160431","1":"post","2":"type-post","3":"status-publish","4":"format-standard","5":"has-post-thumbnail","7":"category-filmes","8":"tag-entertainment","9":"tag-entretenimento","10":"tag-film","11":"tag-filmes","12":"tag-movies","13":"tag-portugal","14":"tag-pt"},"share_on_mastodon":{"url":"https:\/\/pubeurope.com\/@pt\/115589527904824580","error":""},"_links":{"self":[{"href":"https:\/\/www.europesays.com\/pt\/wp-json\/wp\/v2\/posts\/160431","targetHints":{"allow":["GET"]}}],"collection":[{"href":"https:\/\/www.europesays.com\/pt\/wp-json\/wp\/v2\/posts"}],"about":[{"href":"https:\/\/www.europesays.com\/pt\/wp-json\/wp\/v2\/types\/post"}],"author":[{"embeddable":true,"href":"https:\/\/www.europesays.com\/pt\/wp-json\/wp\/v2\/users\/2"}],"replies":[{"embeddable":true,"href":"https:\/\/www.europesays.com\/pt\/wp-json\/wp\/v2\/comments?post=160431"}],"version-history":[{"count":0,"href":"https:\/\/www.europesays.com\/pt\/wp-json\/wp\/v2\/posts\/160431\/revisions"}],"wp:featuredmedia":[{"embeddable":true,"href":"https:\/\/www.europesays.com\/pt\/wp-json\/wp\/v2\/media\/160432"}],"wp:attachment":[{"href":"https:\/\/www.europesays.com\/pt\/wp-json\/wp\/v2\/media?parent=160431"}],"wp:term":[{"taxonomy":"category","embeddable":true,"href":"https:\/\/www.europesays.com\/pt\/wp-json\/wp\/v2\/categories?post=160431"},{"taxonomy":"post_tag","embeddable":true,"href":"https:\/\/www.europesays.com\/pt\/wp-json\/wp\/v2\/tags?post=160431"}],"curies":[{"name":"wp","href":"https:\/\/api.w.org\/{rel}","templated":true}]}}