{"id":160449,"date":"2025-11-21T20:36:10","date_gmt":"2025-11-21T20:36:10","guid":{"rendered":"https:\/\/www.europesays.com\/pt\/160449\/"},"modified":"2025-11-21T20:36:10","modified_gmt":"2025-11-21T20:36:10","slug":"papa-aos-jovens-construir-pontes-nao-muros-a-igreja-nao-tem-partido-politico","status":"publish","type":"post","link":"https:\/\/www.europesays.com\/pt\/160449\/","title":{"rendered":"Papa aos jovens: construir pontes, n\u00e3o muros. A Igreja n\u00e3o tem partido pol\u00edtico"},"content":{"rendered":"<p>Estreitar a amizade com Jesus: este foi o principal ensinamento de Le\u00e3o XIV aos participantes da Confer\u00eancia Nacional da Juventude Cat\u00f3lica dos Estados Unidos. O Pont\u00edfice os exortou a n\u00e3o se contentarem com uma vers\u00e3o superficial da f\u00e9 nem a usarem categorias pol\u00edticas para falar dela, pois os disc\u00edpulos de Jesus devem construir pontes, e n\u00e3o muros. <\/p>\n<p><b>Bianca Fraccalvieri &#8211; Vatican News<\/b><\/p>\n<p>Le\u00e3o XIV se conectou virtualmente com cerca de 15 mil participantes da Confer\u00eancia Nacional da Juventude Cat\u00f3lica dos Estados Unidos&#8221;, reunidos no est\u00e1dio de Indian\u00e1polis, no Estado de Indiana, de 20 a 22 de novembro.<\/p>\n<p>Numa conex\u00e3o ao vivo, o Pont\u00edfice respondeu a perguntas sobre variados temas, como vida sacramental, sa\u00fade mental, di\u00e1logo, amizade, tecnologia, intelig\u00eancia artificial e o futuro da Igreja. Mas antes, o Santo Padre abriu o encontro recordando o Jubileu dos Jovens, realizado em Roma no final do m\u00eas de julho:\u00a0&#8220;Que b\u00ean\u00e7\u00e3o ver assim tantos jovens cat\u00f3licos buscar o Senhor com sinceridade e alegria!&#8221;. E manifestou sua satisfa\u00e7\u00e3o ao perceber que na programa\u00e7\u00e3o do evento americano muito tempo foi dedicado \u00e0 adora\u00e7\u00e3o, \u00e0 missa e \u00e0 confiss\u00e3o. N\u00e3o se trata de simples atividades de programa, mas de &#8220;oportunidade concretas para encontrar Jesus&#8221;.<\/p>\n<p>    <img decoding=\"async\" src=\"data:image\/gif;base64,R0lGODlhAQABAIAAAAAAAP\/\/\/yH5BAEAAAAALAAAAAABAAEAAAIBRAA7\" data-original=\"https:\/\/www.vaticannews.va\/content\/dam\/vaticannews\/agenzie\/images\/srv\/2025\/11\/21\/2025-11-21-incontro-digitale-di-papa-leone-xiv-con-i-giovani-ame\/1763739716474.JPG\/_jcr_content\/renditions\/cq5dam.thumbnail.cropped.750.422.jpeg\" alt=\"Um momento do encontro digital\" title=\"Um momento do encontro digital\"\/><\/p>\n<p>\n   Um momento do encontro digital \u00a0 (@Vatican Media)\n  <\/p>\n<p>O Ter\u00e7o, ora\u00e7\u00e3o poderosa <\/p>\n<p>Le\u00e3o XIV mencionou ainda a mem\u00f3ria da Apresenta\u00e7\u00e3o da Bem-aventurada Virgem Maria neste dia 21 de novembro: &#8220;Recordemos que Maria, desde jovem, ofereceu toda a sua vida a Deus. Ela nos convida a fazer o mesmo, a confiar a Ele todas as coisas&#8221;. E juntos rezaram uma Ave-Maria. Na sequ\u00eancia, o Papa respondeu \u00e0s perguntas.<\/p>\n<p>Sobre a sa\u00fade mental, e em outros temas, o Pont\u00edfice reiterou a import\u00e2ncia de estreitar a amizade com Cristo e dedicar tempo, v\u00e1rias vezes ao dia, \u00e0 ora\u00e7\u00e3o, adora\u00e7\u00e3o e leitura das Sagradas Escrituras. Um exemplo dessa rela\u00e7\u00e3o de intimidade seria, toda manh\u00e3, convidar Jesus a estar conosco durante o dia e, \u00e0 noite, contar para Ele como foi a jornada. &#8220;E lembrem-se de Maria, a m\u00e3e de Jesus e nossa m\u00e3e. Ela entende o que estamos vivendo e reza por n\u00f3s. O Ter\u00e7o \u00e9 um modo poderoso para pedir a sua ajuda.&#8221;<\/p>\n<p>F\u00e9 e tecnologia <\/p>\n<p>Uma quest\u00e3o colocada ao Santo Padre foi como equilibrar a tecnologia e\u00a0a vida de f\u00e9:\u00a0<\/p>\n<blockquote>\n<p>\u201cAssistir \u00e0 missa online pode ser \u00fatil, especialmente para aqueles que n\u00e3o podem participar pessoalmente, mas estar presente fisicamente \u2013 para a Eucaristia, para a ora\u00e7\u00e3o, para a comunidade \u2013 \u00e9 fundamental para nossa rela\u00e7\u00e3o com Deus e entre n\u00f3s. Portanto, embora a tecnologia possa nos conectar, n\u00e3o \u00e9 a mesma coisa que estar fisicamente presente. Devemos us\u00e1-la com sabedoria, sem permitir que ela ofusque nossas rela\u00e7\u00f5es.\u201d<\/p>\n<\/blockquote>\n<p>A prop\u00f3sito, citou S\u00e3o Carlo Acutis e exortou os jovens a seguirem seu exemplo: &#8220;Estejam conscientes do tempo que passam diante da tela e certifiquem-se de que a tecnologia esteja a servi\u00e7o da vida e n\u00e3o o contr\u00e1rio&#8221;.<\/p>\n<p>O mesmo conceito vale para a intelig\u00eancia artificial, que pode processar informa\u00e7\u00f5es rapidamente, mas n\u00e3o pode substituir a intelig\u00eancia humana. &#8220;Ela n\u00e3o pode oferecer verdadeira sabedoria, decidir entre o certo e o errado ou admirar com espanto a beleza. Portanto, tenham cuidado para que o uso que fazem da intelig\u00eancia artificial n\u00e3o limite o aut\u00eantico crescimento humano. Usem-na de forma que, se amanh\u00e3 ela desaparecer, voc\u00eas ainda saibam como pensar, criar e agir por conta pr\u00f3pria. Lembrem-se: a intelig\u00eancia artificial nunca pode substituir o dom \u00fanico que voc\u00eas s\u00e3o para o mundo.&#8221;<\/p>\n<p>    <img decoding=\"async\" src=\"data:image\/gif;base64,R0lGODlhAQABAIAAAAAAAP\/\/\/yH5BAEAAAAALAAAAAABAAEAAAIBRAA7\" data-original=\"https:\/\/www.vaticannews.va\/content\/dam\/vaticannews\/agenzie\/images\/srv\/2025\/11\/21\/2025-11-21-incontro-digitale-di-papa-leone-xiv-con-i-giovani-ame\/1763739711240.JPG\/_jcr_content\/renditions\/cq5dam.thumbnail.cropped.750.422.jpeg\" alt=\"A sauda\u00e7\u00e3o do Papa\" title=\"A sauda\u00e7\u00e3o do Papa\"\/><\/p>\n<p>\n   A sauda\u00e7\u00e3o do Papa \u00a0 (@Vatican Media)\n  <\/p>\n<p>Jovens e o futuro da Igreja <\/p>\n<p>Grande parte do encontro foi dedicado ao futuro da Igreja e \u00e0 contribui\u00e7\u00e3o juvenil: &#8220;Se quiserem ajudar a Igreja a se preparar para o futuro, comecem por se envolver hoje. Mantenham contato com a pr\u00f3pria par\u00f3quia. Participem da missa dominical, participem das atividades dos jovens e digam &#8216;sim&#8217; \u00e0s oportunidades, como esta confer\u00eancia, nas quais a f\u00e9 pode crescer. Quanto mais conhecerem Jesus, mais sentir\u00e3o desejo de servir a Ele e \u00e0 sua Igreja&#8221;. O Pont\u00edfice refor\u00e7ou a import\u00e2ncia do m\u00e9todo de di\u00e1logo conhecido &#8220;conversa\u00e7\u00e3o no Esp\u00edrito&#8221; e indicou como modelo de santidade S\u00e3o Pier Giorgio Frassati, que mostrou que \u00e9 poss\u00edvel fazer a diferen\u00e7a atrav\u00e9s de simples gestos cotidianos.<\/p>\n<p>Outro santo citado foi Santo Agostinho, que Le\u00e3o XIV chamou de &#8220;heroi pessoal&#8221;. O bispo de Hipona durante toda a vida procurou a felicidade, mas nada o satisfez at\u00e9 abrir o pr\u00f3prio cora\u00e7\u00e3o a Deus. Ele descobriu que o seu desejo de grandeza na realidade era o desejo de uma rela\u00e7\u00e3o com Jesus Cristo. &#8220;Essa amizade com Jesus est\u00e1 no centro do que significa ser crist\u00e3o. N\u00e3o \u00e9 apenas para santos, padres, religiosos ou religiosas; \u00e9 para todos.&#8221;<\/p>\n<p>Pontes, n\u00e3o muros <\/p>\n<p>Assim, quando pensamos no futuro da Igreja, a primeira coisa a ser feita \u00e9 aprofundar nossa amizade com Jesus. &#8220;N\u00e3o se contentem com uma vers\u00e3o superficial da f\u00e9&#8221;, exortou o Santo Padre, que advertiu tamb\u00e9m para aquilo que pode causar divis\u00e3o, j\u00e1 que os disc\u00edpulos de Jesus &#8220;devem ser agentes de paz que constroem pontes, e n\u00e3o muros, que apreciam o di\u00e1logo e a unidade&#8221;:<\/p>\n<blockquote>\n<p>\u201cCuidado para n\u00e3o usar categorias pol\u00edticas para falar sobre f\u00e9. A Igreja n\u00e3o pertence a nenhum partido pol\u00edtico; ao contr\u00e1rio, ela ajuda a formar a sua consci\u00eancia para que possam pensar e agir com sabedoria e amor.\u201d<\/p>\n<\/blockquote>\n<p>Por fim, o convite a cada jovem para discernir sua verdadeira voca\u00e7\u00e3o na Igreja, como religiosos ou leigos. A quem \u00e9 chamado ao matrim\u00f4nio e \u00e0 vida familiar, o Papa recordou que &#8220;o mundo necessita de fam\u00edlias santas que transmitam a f\u00e9 e mostrem o amor de Deus na vida cotidiana&#8221;. Seja qual for a voca\u00e7\u00e3o, concluiu, o mundo necessita de mission\u00e1rios, que levem a luz e a alegria de terem encontrado Jesus.<\/p>\n<p>\n   Encontro digital do Papa Le\u00e3o XIV com os jovens americanos\n  <\/p>\n","protected":false},"excerpt":{"rendered":"Estreitar a amizade com Jesus: este foi o principal ensinamento de Le\u00e3o XIV aos participantes da Confer\u00eancia Nacional&hellip;\n","protected":false},"author":2,"featured_media":160450,"comment_status":"","ping_status":"","sticky":false,"template":"","format":"standard","meta":{"footnotes":""},"categories":[50],"tags":[27,28,235,15,16,14,3176,25,26,21,22,62,12,13,19,20,811,23,24,17,18,29,30,31,63,64,65],"class_list":{"0":"post-160449","1":"post","2":"type-post","3":"status-publish","4":"format-standard","5":"has-post-thumbnail","7":"category-mundo","8":"tag-breaking-news","9":"tag-breakingnews","10":"tag-estados-unidos","11":"tag-featured-news","12":"tag-featurednews","13":"tag-headlines","14":"tag-jovens","15":"tag-latest-news","16":"tag-latestnews","17":"tag-main-news","18":"tag-mainnews","19":"tag-mundo","20":"tag-news","21":"tag-noticias","22":"tag-noticias-principais","23":"tag-noticiasprincipais","24":"tag-papa-leao-xiv","25":"tag-principais-noticias","26":"tag-principaisnoticias","27":"tag-top-stories","28":"tag-topstories","29":"tag-ultimas","30":"tag-ultimas-noticias","31":"tag-ultimasnoticias","32":"tag-world","33":"tag-world-news","34":"tag-worldnews"},"share_on_mastodon":{"url":"https:\/\/pubeurope.com\/@pt\/115589610429502947","error":""},"_links":{"self":[{"href":"https:\/\/www.europesays.com\/pt\/wp-json\/wp\/v2\/posts\/160449","targetHints":{"allow":["GET"]}}],"collection":[{"href":"https:\/\/www.europesays.com\/pt\/wp-json\/wp\/v2\/posts"}],"about":[{"href":"https:\/\/www.europesays.com\/pt\/wp-json\/wp\/v2\/types\/post"}],"author":[{"embeddable":true,"href":"https:\/\/www.europesays.com\/pt\/wp-json\/wp\/v2\/users\/2"}],"replies":[{"embeddable":true,"href":"https:\/\/www.europesays.com\/pt\/wp-json\/wp\/v2\/comments?post=160449"}],"version-history":[{"count":0,"href":"https:\/\/www.europesays.com\/pt\/wp-json\/wp\/v2\/posts\/160449\/revisions"}],"wp:featuredmedia":[{"embeddable":true,"href":"https:\/\/www.europesays.com\/pt\/wp-json\/wp\/v2\/media\/160450"}],"wp:attachment":[{"href":"https:\/\/www.europesays.com\/pt\/wp-json\/wp\/v2\/media?parent=160449"}],"wp:term":[{"taxonomy":"category","embeddable":true,"href":"https:\/\/www.europesays.com\/pt\/wp-json\/wp\/v2\/categories?post=160449"},{"taxonomy":"post_tag","embeddable":true,"href":"https:\/\/www.europesays.com\/pt\/wp-json\/wp\/v2\/tags?post=160449"}],"curies":[{"name":"wp","href":"https:\/\/api.w.org\/{rel}","templated":true}]}}