{"id":160455,"date":"2025-11-21T20:44:16","date_gmt":"2025-11-21T20:44:16","guid":{"rendered":"https:\/\/www.europesays.com\/pt\/160455\/"},"modified":"2025-11-21T20:44:16","modified_gmt":"2025-11-21T20:44:16","slug":"apos-ser-vista-com-bebida-alcoolica-britney-spears-diz-que-paparazzi-tiram-as-piores-fotos-dela-maldoso","status":"publish","type":"post","link":"https:\/\/www.europesays.com\/pt\/160455\/","title":{"rendered":"Ap\u00f3s ser vista com bebida alco\u00f3lica, Britney Spears diz que paparazzi tiram &#8216;as piores fotos&#8217; dela: &#8216;Maldoso&#8217;"},"content":{"rendered":"\n<p class=\" content-text__container theme-color-primary-first-letter\" data-track-category=\"Link no Texto\" data-track-links=\"\"> &#8220;Britney Spears irreconhec\u00edvel deixa bar de vinhos com uma ta\u00e7a de champanhe enquanto a fam\u00edlia continua preocupada&#8221;, diz uma das manchetes do &#8220;Page six&#8221;, dos Estados Unidos, com fotos recentes da estrela pop. &#8220;A\u00e7\u00f5es chocantes de Britney Spears com o rosto totalmente \u00e0 mostra s\u00e3o flagradas por c\u00e2meras&#8221;, diz outro t\u00edtulo do brit\u00e2nico &#8220;Daily Mail&#8221;. Cansada das manchetes e dos registros, a cantora, de 43 anos, diz que paparazzi fazem de tudo para tirar as piores fotos dela e a m\u00eddia gerar t\u00edtulos como estes. <\/p>\n","protected":false},"excerpt":{"rendered":"&#8220;Britney Spears irreconhec\u00edvel deixa bar de vinhos com uma ta\u00e7a de champanhe enquanto a fam\u00edlia continua preocupada&#8221;, diz&hellip;\n","protected":false},"author":2,"featured_media":160456,"comment_status":"","ping_status":"","sticky":false,"template":"","format":"standard","meta":{"footnotes":""},"categories":[141],"tags":[114,115,149,150,32,33],"class_list":{"0":"post-160455","1":"post","2":"type-post","3":"status-publish","4":"format-standard","5":"has-post-thumbnail","7":"category-musica","8":"tag-entertainment","9":"tag-entretenimento","10":"tag-music","11":"tag-musica","12":"tag-portugal","13":"tag-pt"},"share_on_mastodon":{"url":"https:\/\/pubeurope.com\/@pt\/115589641877630925","error":""},"_links":{"self":[{"href":"https:\/\/www.europesays.com\/pt\/wp-json\/wp\/v2\/posts\/160455","targetHints":{"allow":["GET"]}}],"collection":[{"href":"https:\/\/www.europesays.com\/pt\/wp-json\/wp\/v2\/posts"}],"about":[{"href":"https:\/\/www.europesays.com\/pt\/wp-json\/wp\/v2\/types\/post"}],"author":[{"embeddable":true,"href":"https:\/\/www.europesays.com\/pt\/wp-json\/wp\/v2\/users\/2"}],"replies":[{"embeddable":true,"href":"https:\/\/www.europesays.com\/pt\/wp-json\/wp\/v2\/comments?post=160455"}],"version-history":[{"count":0,"href":"https:\/\/www.europesays.com\/pt\/wp-json\/wp\/v2\/posts\/160455\/revisions"}],"wp:featuredmedia":[{"embeddable":true,"href":"https:\/\/www.europesays.com\/pt\/wp-json\/wp\/v2\/media\/160456"}],"wp:attachment":[{"href":"https:\/\/www.europesays.com\/pt\/wp-json\/wp\/v2\/media?parent=160455"}],"wp:term":[{"taxonomy":"category","embeddable":true,"href":"https:\/\/www.europesays.com\/pt\/wp-json\/wp\/v2\/categories?post=160455"},{"taxonomy":"post_tag","embeddable":true,"href":"https:\/\/www.europesays.com\/pt\/wp-json\/wp\/v2\/tags?post=160455"}],"curies":[{"name":"wp","href":"https:\/\/api.w.org\/{rel}","templated":true}]}}