{"id":160457,"date":"2025-11-21T20:46:13","date_gmt":"2025-11-21T20:46:13","guid":{"rendered":"https:\/\/www.europesays.com\/pt\/160457\/"},"modified":"2025-11-21T20:46:13","modified_gmt":"2025-11-21T20:46:13","slug":"ctrlaltdell-perola-canarinha-decide-na-ultima-jogada-e-brasil-defronta-portugal","status":"publish","type":"post","link":"https:\/\/www.europesays.com\/pt\/160457\/","title":{"rendered":"Ctrl+Alt+Dell: p\u00e9rola canarinha decide na \u00faltima jogada e Brasil defronta Portugal"},"content":{"rendered":"<p>A sele\u00e7\u00e3o do Brasil <a href=\"https:\/\/maisfutebol.iol.pt\/mundial-sub-17\/portugal\/mundial-sub-17-portugal-suica-2-0-cronica\" rel=\"nofollow noopener\" target=\"_blank\"><strong>vai defrontar Portugal nas meias-finais do Campeonato do Mundo sub-17<\/strong><\/a>, ap\u00f3s vencer Marrocos com um golo de Dell j\u00e1 depois de esgotado o quarto minuto do tempo de compensa\u00e7\u00e3o dado pelo \u00e1rbitro.<\/p>\n<p>Os canarinhos, que nos 16 avos (Paraguai) e nos oitavos de final (Fran\u00e7a) tinham vencido nos pen\u00e1ltis, adiantaram-se no marcador aos 16 minutos por interm\u00e9dio de Dell, que finalizou com precis\u00e3o ap\u00f3s um cruzamento rasteiro da direita.<\/p>\n<p>Baha empatou para a sele\u00e7\u00e3o do norte de \u00c1frica, advers\u00e1ria de Portugal na fase de grupos, em cima do intervalo na convers\u00e3o de um pen\u00e1lti. O resultado manteve-se at\u00e9 j\u00e1 bem perto do apito final do tempo regulamentar e j\u00e1 para l\u00e1 do quarto minuto do tempo de compensa\u00e7\u00e3o decretado pelo \u00e1rbitro, quando se come\u00e7ava a desenhar mais um desempate por pen\u00e1ltis para o Brasil, a sele\u00e7\u00e3o canarinha chegou \u00e0 vit\u00f3ria com mais um golo de Dell, jovem avan\u00e7ado do Bahia, que recebeu de um companheiro nas costas dos defesas marroquinos e dominou com o peito antes de atirar para o 2-1 final. A sele\u00e7\u00e3o africana ainda pediu que o \u00e1rbitro revisse as imagens devido a d\u00favidas sobre um eventual controlo da bola com o bra\u00e7o, mas o juiz validou o golo e apitou de seguida para o final do jogo.<\/p>\n<p>A meia-final com Portugal joga-se na pr\u00f3xima segunda-feira \u00e0s 14h00. A outra meia-final vai opor \u00c1ustria e It\u00e1lia.<\/p>\n","protected":false},"excerpt":{"rendered":"A sele\u00e7\u00e3o do Brasil vai defrontar Portugal nas meias-finais do Campeonato do Mundo sub-17, ap\u00f3s vencer Marrocos com&hellip;\n","protected":false},"author":2,"featured_media":160458,"comment_status":"","ping_status":"","sticky":false,"template":"","format":"standard","meta":{"footnotes":""},"categories":[87],"tags":[726,135,46,1959,30972,32,33,47,4338,134,31532],"class_list":{"0":"post-160457","1":"post","2":"type-post","3":"status-publish","4":"format-standard","5":"has-post-thumbnail","7":"category-desporto","8":"tag-brasil","9":"tag-desporto","10":"tag-maisfutebol","11":"tag-marrocos","12":"tag-mundial-sub-17","13":"tag-portugal","14":"tag-pt","15":"tag-pura-paixao","16":"tag-selecao","17":"tag-sports","18":"tag-sub-17"},"share_on_mastodon":{"url":"https:\/\/pubeurope.com\/@pt\/115589649839066325","error":""},"_links":{"self":[{"href":"https:\/\/www.europesays.com\/pt\/wp-json\/wp\/v2\/posts\/160457","targetHints":{"allow":["GET"]}}],"collection":[{"href":"https:\/\/www.europesays.com\/pt\/wp-json\/wp\/v2\/posts"}],"about":[{"href":"https:\/\/www.europesays.com\/pt\/wp-json\/wp\/v2\/types\/post"}],"author":[{"embeddable":true,"href":"https:\/\/www.europesays.com\/pt\/wp-json\/wp\/v2\/users\/2"}],"replies":[{"embeddable":true,"href":"https:\/\/www.europesays.com\/pt\/wp-json\/wp\/v2\/comments?post=160457"}],"version-history":[{"count":0,"href":"https:\/\/www.europesays.com\/pt\/wp-json\/wp\/v2\/posts\/160457\/revisions"}],"wp:featuredmedia":[{"embeddable":true,"href":"https:\/\/www.europesays.com\/pt\/wp-json\/wp\/v2\/media\/160458"}],"wp:attachment":[{"href":"https:\/\/www.europesays.com\/pt\/wp-json\/wp\/v2\/media?parent=160457"}],"wp:term":[{"taxonomy":"category","embeddable":true,"href":"https:\/\/www.europesays.com\/pt\/wp-json\/wp\/v2\/categories?post=160457"},{"taxonomy":"post_tag","embeddable":true,"href":"https:\/\/www.europesays.com\/pt\/wp-json\/wp\/v2\/tags?post=160457"}],"curies":[{"name":"wp","href":"https:\/\/api.w.org\/{rel}","templated":true}]}}