{"id":160467,"date":"2025-11-21T20:58:11","date_gmt":"2025-11-21T20:58:11","guid":{"rendered":"https:\/\/www.europesays.com\/pt\/160467\/"},"modified":"2025-11-21T20:58:11","modified_gmt":"2025-11-21T20:58:11","slug":"kanye-west-diz-que-se-arrepende-da-vida-em-video-recente","status":"publish","type":"post","link":"https:\/\/www.europesays.com\/pt\/160467\/","title":{"rendered":"Kanye West diz que se arrepende da vida em v\u00eddeo recente"},"content":{"rendered":"<p>Show no Brasil foi cancelado ap\u00f3s pol\u00eamicas<\/p>\n<p class=\"bullet\" data-v-232111b4=\"\"><strong>O evento, que aconteceria no dia 29 de novembro no Aut\u00f3dromo de Interlagos, foi cancelado.<\/strong> Segundo a produtora, o evento foi inviabilizado ap\u00f3s a administra\u00e7\u00e3o p\u00fablica &#8220;revogar unilateralmente a autoriza\u00e7\u00e3o de uso do espa\u00e7o&#8221;, mesmo com todos os custos j\u00e1 tendo sido integralmente pagos, incluindo cach\u00ea, taxas do aut\u00f3dromo e demais despesas.<\/p>\n<p class=\"bullet\" data-v-232111b4=\"\"><strong>A empresa tamb\u00e9m citou &#8220;quest\u00f5es pol\u00edticas&#8221; como motivo para o cancelamento.<\/strong> O an\u00fancio ocorre ap\u00f3s declara\u00e7\u00f5es p\u00fablicas do prefeito Ricardo Nunes (MDB), que afirmou, nesta semana, que n\u00e3o permitiria que artistas que fa\u00e7am apologia ao nazismo se apresentem em equipamentos p\u00fablicos da cidade.<\/p>\n<p class=\"bullet\" data-v-232111b4=\"\">N\u00f3s n\u00e3o aceitamos e vamos fazer tudo o que for necess\u00e1rio e preciso para que a gente n\u00e3o permita que ningu\u00e9m que fa\u00e7a apologia ao nazismo tenha qualquer tipo de atividade aqui na cidade de S\u00e3o Paulo.<br \/><strong>Ricardo Nunes, prefeito de S\u00e3o Paulo, para &#8216;O Globo&#8217;<\/strong><\/p>\n<p class=\"bullet\" data-v-232111b4=\"\"><strong>Kanye West acumula controv\u00e9rsias graves nos \u00faltimos anos, com uma s\u00e9rie de declara\u00e7\u00f5es p\u00fablicas antissemitas e de apoio ao nazismo.<\/strong> Em maio deste ano, no marco dos 80 anos da derrota da Alemanha nazista, o artista lan\u00e7ou a m\u00fasica &#8220;Heil Hitler&#8221;, que presta homenagem a Adolf Hitler. A faixa, amplamente reproduzida na rede social X, foi banida de plataformas como o YouTube.<\/p>\n","protected":false},"excerpt":{"rendered":"Show no Brasil foi cancelado ap\u00f3s pol\u00eamicas O evento, que aconteceria no dia 29 de novembro no Aut\u00f3dromo&hellip;\n","protected":false},"author":2,"featured_media":160468,"comment_status":"","ping_status":"","sticky":false,"template":"","format":"standard","meta":{"footnotes":""},"categories":[141],"tags":[114,115,149,150,32,33],"class_list":{"0":"post-160467","1":"post","2":"type-post","3":"status-publish","4":"format-standard","5":"has-post-thumbnail","7":"category-musica","8":"tag-entertainment","9":"tag-entretenimento","10":"tag-music","11":"tag-musica","12":"tag-portugal","13":"tag-pt"},"share_on_mastodon":{"url":"https:\/\/pubeurope.com\/@pt\/115589696895415364","error":""},"_links":{"self":[{"href":"https:\/\/www.europesays.com\/pt\/wp-json\/wp\/v2\/posts\/160467","targetHints":{"allow":["GET"]}}],"collection":[{"href":"https:\/\/www.europesays.com\/pt\/wp-json\/wp\/v2\/posts"}],"about":[{"href":"https:\/\/www.europesays.com\/pt\/wp-json\/wp\/v2\/types\/post"}],"author":[{"embeddable":true,"href":"https:\/\/www.europesays.com\/pt\/wp-json\/wp\/v2\/users\/2"}],"replies":[{"embeddable":true,"href":"https:\/\/www.europesays.com\/pt\/wp-json\/wp\/v2\/comments?post=160467"}],"version-history":[{"count":0,"href":"https:\/\/www.europesays.com\/pt\/wp-json\/wp\/v2\/posts\/160467\/revisions"}],"wp:featuredmedia":[{"embeddable":true,"href":"https:\/\/www.europesays.com\/pt\/wp-json\/wp\/v2\/media\/160468"}],"wp:attachment":[{"href":"https:\/\/www.europesays.com\/pt\/wp-json\/wp\/v2\/media?parent=160467"}],"wp:term":[{"taxonomy":"category","embeddable":true,"href":"https:\/\/www.europesays.com\/pt\/wp-json\/wp\/v2\/categories?post=160467"},{"taxonomy":"post_tag","embeddable":true,"href":"https:\/\/www.europesays.com\/pt\/wp-json\/wp\/v2\/tags?post=160467"}],"curies":[{"name":"wp","href":"https:\/\/api.w.org\/{rel}","templated":true}]}}