{"id":160471,"date":"2025-11-21T21:01:12","date_gmt":"2025-11-21T21:01:12","guid":{"rendered":"https:\/\/www.europesays.com\/pt\/160471\/"},"modified":"2025-11-21T21:01:12","modified_gmt":"2025-11-21T21:01:12","slug":"mapeamento-genetico-na-neurologia-impacto-clinico-e-responsabilidade-diagnostica","status":"publish","type":"post","link":"https:\/\/www.europesays.com\/pt\/160471\/","title":{"rendered":"Mapeamento gen\u00e9tico na Neurologia: Impacto cl\u00ednico e responsabilidade diagn\u00f3stica"},"content":{"rendered":"<p>Nos \u00faltimos anos, a incorpora\u00e7\u00e3o de ferramentas de mapeamento gen\u00e9tico na pr\u00e1tica neurol\u00f3gica tem transformado o diagn\u00f3stico de diversas doen\u00e7as, especialmente aquelas com base heredit\u00e1ria ou de in\u00edcio precoce.<\/p>\n<p>Testes como o painel de genes direcionado, o exoma completo e, mais recentemente, o genoma completo, ampliaram a capacidade de identificar variantes gen\u00e9ticas associadas a condi\u00e7\u00f5es neurol\u00f3gicas raras e complexas.<\/p>\n<p>No texto de hoje, poderemos refletir sobre o impacto cl\u00ednico e os desafios diagn\u00f3sticos e \u00e9ticos que se apresentam no cuidado do paciente e sua fam\u00edlia.<\/p>\n<p>\u00a0<\/p>\n<p><img loading=\"lazy\" decoding=\"async\" width=\"753\" height=\"1000\" src=\"https:\/\/www.europesays.com\/pt\/wp-content\/uploads\/2025\/11\/AdobeStock_1516676046_Preview.jpeg\" class=\"attachment-full size-full wp-post-image\" alt=\"\"  \/><\/p>\n<p><strong>Aplica\u00e7\u00f5es e impacto cl\u00ednico<\/strong><\/p>\n<p class=\"content-paywall\">A neurologia \u00e9 uma das especialidades m\u00e9dicas com maior impacto do avan\u00e7o gen\u00f4mico, dada a expressiva carga gen\u00e9tica de v\u00e1rias doen\u00e7as neurol\u00f3gicas. Entre as principais aplica\u00e7\u00f5es cl\u00ednicas do mapeamento gen\u00e9tico, destacam-se:<\/p>\n<ul class=\"content-paywall\">\n<li><strong>Doen\u00e7as neuromusculares heredit\u00e1rias<\/strong>: Distrofias musculares, miopatias cong\u00eanitas, ELA familiar, etc.<\/li>\n<li><strong>Epilepsias gen\u00e9ticas<\/strong><\/li>\n<li><strong>Ataxias heredit\u00e1rias<\/strong><\/li>\n<li><strong>Leucodistrofias<\/strong><\/li>\n<li><strong>S\u00edndromes demenciais de in\u00edcio precoce:<\/strong> Alzheimer, CADASIL, dem\u00eancia frontotemporal, etc.<\/li>\n<li><strong>Dist\u00farbios do movimento com padr\u00e3o familiar ou in\u00edcio at\u00edpico<\/strong>: Doen\u00e7a de Huntington, distonias gen\u00e9ticas, parkinsonismo juvenil, etc.<\/li>\n<li><strong>Doen\u00e7as mitocondriais<\/strong><\/li>\n<\/ul>\n<p class=\"content-paywall\">Al\u00e9m de oferecer diagn\u00f3stico etiol\u00f3gico preciso, o mapeamento gen\u00e9tico pode orientar progn\u00f3stico, decis\u00f5es terap\u00eauticas, aconselhamento gen\u00e9tico familiar e inclus\u00e3o em ensaios cl\u00ednicos de terapias g\u00eanicas.<\/p>\n<p class=\"content-paywall\"><strong>Leia tamb\u00e9m:\u00a0<\/strong><a href=\"https:\/\/portal.afya.com.br\/saude\/pesquisa-inedita-revela-predisposicao-genetica-a-doencas-em-brasileiros\" target=\"_blank\" rel=\"noopener nofollow\">Pesquisa in\u00e9dita revela predisposi\u00e7\u00e3o gen\u00e9tica a doen\u00e7as em brasileiros<\/a><\/p>\n<p><strong>Cuidados na solicita\u00e7\u00e3o e interpreta\u00e7\u00e3o<\/strong><\/p>\n<p class=\"content-paywall\">Apesar do grande potencial diagn\u00f3stico, o uso dessas ferramentas exige criteriosa sele\u00e7\u00e3o de casos e interpreta\u00e7\u00e3o cautelosa dos resultados. Entre os principais cuidados que o neurologista deve ter, destacam-se:<\/p>\n<ul class=\"content-paywall\">\n<li><strong>Indica\u00e7\u00e3o cl\u00ednica bem estabelecida<\/strong>: Nem todo paciente com sintomas neurol\u00f3gicos inespec\u00edficos se beneficia do sequenciamento gen\u00e9tico. A investiga\u00e7\u00e3o deve estar baseada em suspeita cl\u00ednica razo\u00e1vel e fen\u00f3tipo cl\u00ednico bem definido.<\/li>\n<li><strong>Escolha do teste apropriado<\/strong>: Testes mais amplos, como exoma e genoma, aumentam a chance de detectar variantes relevantes, mas tamb\u00e9m trazem maior risco de achados incidentais ou variantes de significado incerto (VUS). Em muitos casos, um painel gen\u00e9tico direcionado pode ser mais apropriado.<\/li>\n<li><strong>An\u00e1lise e valida\u00e7\u00e3o com suporte especializado<\/strong>: A presen\u00e7a de uma muta\u00e7\u00e3o patog\u00eanica n\u00e3o implica, isoladamente, causalidade cl\u00ednica. O apoio de geneticistas e suporte dos laborat\u00f3rios de refer\u00eancia \u00e9 essencial para a interpreta\u00e7\u00e3o adequada dos achados.<\/li>\n<li><strong>Aconselhamento gen\u00e9tico<\/strong>: Os impactos familiares, psicol\u00f3gicos e legais de um diagn\u00f3stico gen\u00e9tico exigem preparo e acolhimento. Resultados podem afetar planejamento reprodutivo, rela\u00e7\u00f5es familiares e at\u00e9 quest\u00f5es de empregabilidade.<\/li>\n<li><strong>Responsabilidade \u00e9tica e comunica\u00e7\u00e3o<\/strong>: O m\u00e9dico deve evitar simplifica\u00e7\u00f5es, alarmismos ou promessas terap\u00eauticas sem embasamento. Resultados devem ser discutidos com clareza, contextualizando as limita\u00e7\u00f5es dos exames atuais e os riscos de superinterpreta\u00e7\u00e3o.<\/li>\n<\/ul>\n<p class=\"content-paywall\"><strong>Leia mais<\/strong>:\u00a0<a href=\"https:\/\/portal.afya.com.br\/dermatologia\/mapeamento-corporal-total-ferramenta-importante-na-deteccao-precoce-do-melanoma\" target=\"_blank\" rel=\"noopener nofollow\">Mapeamento corporal total: ferramenta importante na detec\u00e7\u00e3o precoce do melanoma<\/a><\/p>\n<p><strong>Mensagem final<\/strong><\/p>\n<p class=\"content-paywall\">O mapeamento gen\u00e9tico trouxe uma nova dimens\u00e3o para a pr\u00e1tica neurol\u00f3gica, especialmente no diagn\u00f3stico de doen\u00e7as raras e heredit\u00e1rias. No entanto, seu uso exige racioc\u00ednio cl\u00ednico, responsabilidade \u00e9tica e suporte interdisciplinar.<\/p>\n<p class=\"content-paywall\">Quando bem indicado e interpretado, pode transformar a jornada diagn\u00f3stica dos pacientes e fam\u00edlias, contribuindo para um cuidado mais preciso, humano e personalizado.<\/p>\n","protected":false},"excerpt":{"rendered":"Nos \u00faltimos anos, a incorpora\u00e7\u00e3o de ferramentas de mapeamento gen\u00e9tico na pr\u00e1tica neurol\u00f3gica tem transformado o diagn\u00f3stico de&hellip;\n","protected":false},"author":2,"featured_media":160472,"comment_status":"","ping_status":"","sticky":false,"template":"","format":"standard","meta":{"footnotes":""},"categories":[86],"tags":[116,32,33,117],"class_list":{"0":"post-160471","1":"post","2":"type-post","3":"status-publish","4":"format-standard","5":"has-post-thumbnail","7":"category-saude","8":"tag-health","9":"tag-portugal","10":"tag-pt","11":"tag-saude"},"share_on_mastodon":{"url":"https:\/\/pubeurope.com\/@pt\/115589709317692356","error":""},"_links":{"self":[{"href":"https:\/\/www.europesays.com\/pt\/wp-json\/wp\/v2\/posts\/160471","targetHints":{"allow":["GET"]}}],"collection":[{"href":"https:\/\/www.europesays.com\/pt\/wp-json\/wp\/v2\/posts"}],"about":[{"href":"https:\/\/www.europesays.com\/pt\/wp-json\/wp\/v2\/types\/post"}],"author":[{"embeddable":true,"href":"https:\/\/www.europesays.com\/pt\/wp-json\/wp\/v2\/users\/2"}],"replies":[{"embeddable":true,"href":"https:\/\/www.europesays.com\/pt\/wp-json\/wp\/v2\/comments?post=160471"}],"version-history":[{"count":0,"href":"https:\/\/www.europesays.com\/pt\/wp-json\/wp\/v2\/posts\/160471\/revisions"}],"wp:featuredmedia":[{"embeddable":true,"href":"https:\/\/www.europesays.com\/pt\/wp-json\/wp\/v2\/media\/160472"}],"wp:attachment":[{"href":"https:\/\/www.europesays.com\/pt\/wp-json\/wp\/v2\/media?parent=160471"}],"wp:term":[{"taxonomy":"category","embeddable":true,"href":"https:\/\/www.europesays.com\/pt\/wp-json\/wp\/v2\/categories?post=160471"},{"taxonomy":"post_tag","embeddable":true,"href":"https:\/\/www.europesays.com\/pt\/wp-json\/wp\/v2\/tags?post=160471"}],"curies":[{"name":"wp","href":"https:\/\/api.w.org\/{rel}","templated":true}]}}