{"id":160473,"date":"2025-11-21T21:02:12","date_gmt":"2025-11-21T21:02:12","guid":{"rendered":"https:\/\/www.europesays.com\/pt\/160473\/"},"modified":"2025-11-21T21:02:12","modified_gmt":"2025-11-21T21:02:12","slug":"nuno-markl-garante-estar-a-recuperar-apos-avc-nao-somos-super-homens-pessoas","status":"publish","type":"post","link":"https:\/\/www.europesays.com\/pt\/160473\/","title":{"rendered":"Nuno Markl garante estar a recuperar ap\u00f3s AVC: \u201cN\u00e3o somos super-homens\u201d | Pessoas"},"content":{"rendered":"<p>Nuno Markl, hospitalizado desde quinta-feira, 20 de Novembro, depois de sofrer um <a href=\"https:\/\/www.publico.pt\/2025\/11\/21\/impar\/noticia\/nuno-markl-hospitalizado-apos-sofrer-avc-2155465\" rel=\"nofollow noopener\" target=\"_blank\">acidente vascular cerebral<\/a> (AVC), tranquilizou esta sexta-feira, 21, os seguidores com uma mensagem publicada no Instagram, onde agradece o apoio e assegura que est\u00e1 a recuperar no Hospital de S\u00e3o Francisco Xavier, em Lisboa. \u201cEstou em \u00f3ptimas m\u00e3os (\u2026) e deixo uma li\u00e7\u00e3o para todos: n\u00e3o somos super-homens\u201d, escreveu o humorista, acrescentando que j\u00e1 tem inten\u00e7\u00f5es de utilizar o epis\u00f3dio como \u201cmaterial\u201d para uma futura edi\u00e7\u00e3o de <a href=\"https:\/\/www.publico.pt\/2022\/12\/15\/impar\/noticia\/nuno-markl-homem-mordeu-cao-intimismo-corrente-2029546\" rel=\"nofollow noopener\" target=\"_blank\">O Homem Que Mordeu o C\u00e3o<\/a>.<\/p>\n<p>        &#13;<\/p>\n<blockquote class=\"instagram-media\" data-instgrm-captioned=\"\" data-instgrm-permalink=\"https:\/\/www.instagram.com\/p\/DRUQfCpjO8R\/?utm_source=ig_embed&amp;utm_campaign=loading\" data-instgrm-version=\"14\" style=\" background:#FFF; border:0; border-radius:3px; box-shadow:0 0 1px 0 rgba(0,0,0,0.5),0 1px 10px 0 rgba(0,0,0,0.15); margin: 1px; max-width:540px; min-width:326px; padding:0; width:99.375%; width:-webkit-calc(100% - 2px); width:calc(100% - 2px);\"\/><p>&#13;<br \/>\n&#13;<\/p>\n<p>O humorista de 54 anos sentiu-se mal em casa na manh\u00e3 de quinta-feira, 20 de Novembro, e dirigiu-se ao Hospital de Cascais, acabando por ser transferido para o S\u00e3o Francisco Xavier, onde permanece sob vigil\u00e2ncia. A unidade hospitalar confirmou esta sexta-feira, em comunicado \u00e0s redac\u00e7\u00f5es, que <a href=\"https:\/\/www.publico.pt\/2022\/02\/10\/culturaipsilon\/noticia\/terry-gilliam-ricardo-araujo-pereira-markl-vao-colombo-nao-gosto-humor-ameaca-1994961\" rel=\"nofollow noopener\" target=\"_blank\">Markl<\/a> est\u00e1 internado, mas encontra-se fora de perigo.<\/p>\n<p>Na R\u00e1dio Comercial, Pedro Ribeiro, colega de Markl no programa da manh\u00e3, disse no arranque da emiss\u00e3o que o humorista est\u00e1 est\u00e1vel e a receber todos os cuidados necess\u00e1rios. Os primeiros sinais s\u00e3o positivos, embora as pr\u00f3ximas 48 horas continuem a ser decisivas para avaliar poss\u00edveis sequelas.<\/p>\n<p>Na noite de quinta-feira, a <a href=\"https:\/\/www.publico.pt\/2014\/03\/11\/sociedade\/noticia\/a-refundacao-da-radio-comercial-com-a-dose-certa-de-humor-1627900\" rel=\"nofollow noopener\" target=\"_blank\">R\u00e1dio Comercial<\/a> j\u00e1 tinha deixado uma <a href=\"https:\/\/www.instagram.com\/p\/DRTADMwDL7o\/\" rel=\"nofollow noopener\" target=\"_blank\">mensagem de apoio<\/a> nas redes sociais: \u201cNuno, estamos todos contigo!\u201d, sem adiantar, na altura, detalhes sobre o estado de sa\u00fade do tamb\u00e9m co-apresentador do <a href=\"https:\/\/www.publico.pt\/2023\/05\/06\/culturaipsilon\/noticia\/taskmaster-vive-mistura-pompa-britanica-disparate-sucesso-2048725?ref=Nuno-Markl&amp;cx=page__content\" rel=\"nofollow noopener\" target=\"_blank\">Taskmaster <\/a>(RTP), ao lado de Vasco Palmeirim.<\/p>\n<p>        &#13;<\/p>\n<blockquote class=\"instagram-media\" data-instgrm-captioned=\"\" data-instgrm-permalink=\"https:\/\/www.instagram.com\/p\/DRTADMwDL7o\/?utm_source=ig_embed&amp;utm_campaign=loading\" data-instgrm-version=\"14\" style=\" background:#FFF; border:0; border-radius:3px; box-shadow:0 0 1px 0 rgba(0,0,0,0.5),0 1px 10px 0 rgba(0,0,0,0.15); margin: 1px; max-width:540px; min-width:326px; padding:0; width:99.375%; width:-webkit-calc(100% - 2px); width:calc(100% - 2px);\"\/><p>&#13;<br \/>\n&#13;<\/p>\n<p>Al\u00e9m da r\u00e1dio, Markl mant\u00e9m um longo percurso na televis\u00e3o: apresentou O Perfeito Anormal na SIC Radical, ao lado de Fernando Alvim \u2014 programa por onde passaram os <a href=\"https:\/\/www.publico.pt\/2005\/08\/06\/jornal\/gato-fedorento--a-comedia-como--o-novo-rocknroll-33545\" rel=\"nofollow noopener\" target=\"_blank\">Gato Fedorento<\/a> antes da ascens\u00e3o medi\u00e1tica \u2014, e foi um dos rostos que apresentaram o programa 5 Para a Meia-Noite\u200b, para al\u00e9m de ter sido co-criador da s\u00e9rie 1986, na RTP.<\/p>\n<p>Nuno Markl \u00e9 filho do historiador <a href=\"https:\/\/www.publico.pt\/2010\/04\/06\/jornal\/19392010-dagoberto-marklo-sabio-que-vivia-no-museu-de-arte-antiga-e-falava-aos-estudantes-19132310\" rel=\"nofollow noopener\" target=\"_blank\">Dagoberto Markl<\/a> (1939-2010) e irm\u00e3o da ex-jornalista e radialista <a href=\"https:\/\/www.publico.pt\/2023\/12\/03\/impar\/noticia\/ana-nuno-markl-dois-introvertidos-obrigados-extrovertidos-2070586\" rel=\"nofollow noopener\" target=\"_blank\">Ana Markl<\/a>.<\/p>\n<p>            <script async src=\"\/\/www.instagram.com\/embed.js\"><\/script><\/p>\n","protected":false},"excerpt":{"rendered":"Nuno Markl, hospitalizado desde quinta-feira, 20 de Novembro, depois de sofrer um acidente vascular cerebral (AVC), tranquilizou esta&hellip;\n","protected":false},"author":2,"featured_media":160474,"comment_status":"","ping_status":"","sticky":false,"template":"","format":"standard","meta":{"footnotes":""},"categories":[85],"tags":[767,114,115,222,708,11435,712,32,33,117],"class_list":{"0":"post-160473","1":"post","2":"type-post","3":"status-publish","4":"format-standard","5":"has-post-thumbnail","7":"category-entretenimento","8":"tag-comedia","9":"tag-entertainment","10":"tag-entretenimento","11":"tag-humor","12":"tag-impar","13":"tag-nuno-markl","14":"tag-pessoas","15":"tag-portugal","16":"tag-pt","17":"tag-saude"},"share_on_mastodon":{"url":"https:\/\/pubeurope.com\/@pt\/115589712682644580","error":""},"_links":{"self":[{"href":"https:\/\/www.europesays.com\/pt\/wp-json\/wp\/v2\/posts\/160473","targetHints":{"allow":["GET"]}}],"collection":[{"href":"https:\/\/www.europesays.com\/pt\/wp-json\/wp\/v2\/posts"}],"about":[{"href":"https:\/\/www.europesays.com\/pt\/wp-json\/wp\/v2\/types\/post"}],"author":[{"embeddable":true,"href":"https:\/\/www.europesays.com\/pt\/wp-json\/wp\/v2\/users\/2"}],"replies":[{"embeddable":true,"href":"https:\/\/www.europesays.com\/pt\/wp-json\/wp\/v2\/comments?post=160473"}],"version-history":[{"count":0,"href":"https:\/\/www.europesays.com\/pt\/wp-json\/wp\/v2\/posts\/160473\/revisions"}],"wp:featuredmedia":[{"embeddable":true,"href":"https:\/\/www.europesays.com\/pt\/wp-json\/wp\/v2\/media\/160474"}],"wp:attachment":[{"href":"https:\/\/www.europesays.com\/pt\/wp-json\/wp\/v2\/media?parent=160473"}],"wp:term":[{"taxonomy":"category","embeddable":true,"href":"https:\/\/www.europesays.com\/pt\/wp-json\/wp\/v2\/categories?post=160473"},{"taxonomy":"post_tag","embeddable":true,"href":"https:\/\/www.europesays.com\/pt\/wp-json\/wp\/v2\/tags?post=160473"}],"curies":[{"name":"wp","href":"https:\/\/api.w.org\/{rel}","templated":true}]}}