{"id":160479,"date":"2025-11-21T21:08:16","date_gmt":"2025-11-21T21:08:16","guid":{"rendered":"https:\/\/www.europesays.com\/pt\/160479\/"},"modified":"2025-11-21T21:08:16","modified_gmt":"2025-11-21T21:08:16","slug":"walcyr-carrasco-ganha-presente-de-luxo-de-larissa-manoela","status":"publish","type":"post","link":"https:\/\/www.europesays.com\/pt\/160479\/","title":{"rendered":"Walcyr Carrasco ganha presente de luxo de Larissa Manoela"},"content":{"rendered":"<p><a href=\"https:\/\/natelinha.uol.com.br\/famosos\/tudo-sobre\/walcyr-carrasco\" rel=\"nofollow noopener\" target=\"_blank\">Walcyr Carrasco<\/a> completa 74 anos de idade no dia 1\u00ba de dezembro, mas foi presenteado antes disso por <a href=\"https:\/\/natelinha.uol.com.br\/famosos\/tudo-sobre\/larissa-manoela\" rel=\"nofollow noopener\" target=\"_blank\">Larissa Manoela<\/a>. A atriz escolheu um porta-celular da marca italiana Prada. O item custa quase R$ 10 mil no site oficial.<\/p>\n<p>&#8220;Amigos, vejam que bolsa linda a Larissa Manoela me mandou de anivers\u00e1rio. Muito obrigado, n\u00e3o s\u00f3 pelo presente, como pela gentileza e por lembrar de mim. Beij\u00e3o!&#8221;, disse ele em v\u00eddeo publicado no seu perfil do Instagram.<\/p>\n<p>+\u00a0<a href=\"https:\/\/natelinha.uol.com.br\/famosos\/2025\/11\/21\/carolina-dieckmmann-flagra-ratos-em-cinema-de-amsterda-meti-o-pe-234204.php\" rel=\"nofollow noopener\" target=\"_blank\">Carolina Dieckmmann flagra ratos em cinema de Amsterd\u00e3: &#8220;Meti o p\u00e9&#8221;<\/a><\/p>\n<p>continua depois da publicidade<\/p>\n<p>+\u00a0<a href=\"https:\/\/natelinha.uol.com.br\/novelas\/2025\/11\/21\/gustavo-reiz-volta-a-globo-apos-fuzue-saiba-o-que-ele-fara-234203.php\" rel=\"nofollow noopener\" target=\"_blank\">Gustavo Reiz volta \u00e0 Globo ap\u00f3s Fuzu\u00ea; saiba o que ele far\u00e1<\/a><\/p>\n<p>A int\u00e9rprete de Estela em \u00cata Mundo Melhor respondeu: &#8220;Com todo o amor para voc\u00ea. Use muito!&#8221;. Famosos se adiantaram para desejar felicita\u00e7\u00f5es. &#8220;Feliz anivers\u00e1rio, amor e muita sa\u00fade&#8221;, escreveu Eliana. Eriberto Le\u00e3o e Narjara Turetta tamb\u00e9m enviaram parab\u00e9ns.<\/p>\n<p>Veja:<\/p>\n<blockquote class=\"instagram-media\" data-instgrm-captioned=\"\" data-instgrm-version=\"7\" style=\"width:100%;\"><p>\n\t\t\t\t\t\t\t\t\t<a href=\"https:\/\/www.instagram.com\/p\/DRSZ04SCZfT\/\" rel=\"nofollow noopener\" target=\"_blank\">\n\t\t\t\t\t\t\t\t<\/p><\/blockquote>\n<p>Walcyr Carrasco trabalha em novas novelas<\/p>\n<p>Autor dos primeiros 30 cap\u00edtulos de \u00cata Mundo Melhor, o dramaturgo, que trabalha na sucessora de Tr\u00eas Gra\u00e7as, Quem Ama, Cuida (t\u00edtulo provis\u00f3rio), teve o projeto de Vidas Paralelas aprovado pela Globo.<\/p>\n<p>Vidas Paralelas, que ter\u00e1 40 cap\u00edtulos no total e ser\u00e1 inspirada nos doramas, contar\u00e1 com Andr\u00e9 Luiz Frambach e Giullia Buscacio como protagonistas. Apesar de Walcyr Carrasco ter criado a sinopse, a produ\u00e7\u00e3o ser\u00e1 tocada pela autora Cristianne Fridman, ex-Record. A ideia \u00e9 lan\u00e7ar no Globoplay e um ano depois exibir na TV aberta.<\/p>\n<p>continua depois da publicidade<\/p>\n<p>                    <script async src=\"\/\/www.instagram.com\/embed.js\"><\/script><\/p>\n","protected":false},"excerpt":{"rendered":"Walcyr Carrasco completa 74 anos de idade no dia 1\u00ba de dezembro, mas foi presenteado antes disso por&hellip;\n","protected":false},"author":2,"featured_media":160480,"comment_status":"","ping_status":"","sticky":false,"template":"","format":"standard","meta":{"footnotes":""},"categories":[145],"tags":[211,210,114,115,32,33,6903],"class_list":{"0":"post-160479","1":"post","2":"type-post","3":"status-publish","4":"format-standard","5":"has-post-thumbnail","7":"category-celebridades","8":"tag-celebridades","9":"tag-celebrities","10":"tag-entertainment","11":"tag-entretenimento","12":"tag-portugal","13":"tag-pt","14":"tag-walcyr-carrasco"},"share_on_mastodon":{"url":"https:\/\/pubeurope.com\/@pt\/115589736225036633","error":""},"_links":{"self":[{"href":"https:\/\/www.europesays.com\/pt\/wp-json\/wp\/v2\/posts\/160479","targetHints":{"allow":["GET"]}}],"collection":[{"href":"https:\/\/www.europesays.com\/pt\/wp-json\/wp\/v2\/posts"}],"about":[{"href":"https:\/\/www.europesays.com\/pt\/wp-json\/wp\/v2\/types\/post"}],"author":[{"embeddable":true,"href":"https:\/\/www.europesays.com\/pt\/wp-json\/wp\/v2\/users\/2"}],"replies":[{"embeddable":true,"href":"https:\/\/www.europesays.com\/pt\/wp-json\/wp\/v2\/comments?post=160479"}],"version-history":[{"count":0,"href":"https:\/\/www.europesays.com\/pt\/wp-json\/wp\/v2\/posts\/160479\/revisions"}],"wp:featuredmedia":[{"embeddable":true,"href":"https:\/\/www.europesays.com\/pt\/wp-json\/wp\/v2\/media\/160480"}],"wp:attachment":[{"href":"https:\/\/www.europesays.com\/pt\/wp-json\/wp\/v2\/media?parent=160479"}],"wp:term":[{"taxonomy":"category","embeddable":true,"href":"https:\/\/www.europesays.com\/pt\/wp-json\/wp\/v2\/categories?post=160479"},{"taxonomy":"post_tag","embeddable":true,"href":"https:\/\/www.europesays.com\/pt\/wp-json\/wp\/v2\/tags?post=160479"}],"curies":[{"name":"wp","href":"https:\/\/api.w.org\/{rel}","templated":true}]}}