{"id":160483,"date":"2025-11-21T21:12:08","date_gmt":"2025-11-21T21:12:08","guid":{"rendered":"https:\/\/www.europesays.com\/pt\/160483\/"},"modified":"2025-11-21T21:12:08","modified_gmt":"2025-11-21T21:12:08","slug":"oasis-quem-e-a-filha-de-noel-gallagher-dita-responsavel-por-retorno-da-banda","status":"publish","type":"post","link":"https:\/\/www.europesays.com\/pt\/160483\/","title":{"rendered":"Oasis: quem \u00e9 a filha de Noel Gallagher dita &#8216;respons\u00e1vel&#8217; por retorno da banda?"},"content":{"rendered":"<p data-component-name=\"paragraph\" class=\"styles__ParagraphStyled-sc-6adecn-0 gsLklW  \"><strong>Ana\u00efs Gallagher<\/strong>, filha de <a href=\"https:\/\/www.estadao.com.br\/tudo-sobre\/noel-gallagher\/?srsltid=AfmBOopshMSb11j1T6JGa3QHYNan5c61_HIKI8qThjr6P2R2vRzTMoha\" target=\"_blank\" rel=\"noreferrer nofollow noopener\" title=\"https:\/\/www.estadao.com.br\/tudo-sobre\/noel-gallagher\/?srsltid=AfmBOopshMSb11j1T6JGa3QHYNan5c61_HIKI8qThjr6P2R2vRzTMoha\"><strong>Noel Gallagher<\/strong><\/a>, tem acompanhado a turn\u00ea mundial do <a href=\"https:\/\/www.estadao.com.br\/tudo-sobre\/oasis\/\" target=\"_blank\" rel=\"noreferrer nofollow noopener\" title=\"https:\/\/www.estadao.com.br\/tudo-sobre\/oasis\/\"><strong>Oasis<\/strong><\/a>, que chega ao Brasil neste fim de semana, com shows no s\u00e1bado, 22, e no domingo, 23, em S\u00e3o Paulo. A modelo de 25 anos foi apontada como uma das grandes respons\u00e1veis pelo retorno da banda. <\/p>\n<p><img  loading=\"lazy\" class=\"lazy-load-img\"\/><\/p>\n<p>Ana\u00efs Gallagher, filha de Noel Gallagher, tem acompanhado turn\u00ea mundial do Oasis\u00a0Foto:  @gallagher_anais via Instagram<\/p>\n<p>Ana\u00efs \u00e9 modelo, fot\u00f3grafa e, apesar de acumular mais de 400 mil seguidores nas redes sociais, que alimenta com momentos da vida e das viagens ao redor do mundo, rejeita o r\u00f3tulo de influenciadora. Ela \u00e9 filha de Noel com sua primeira esposa, a colunista e empres\u00e1ria <strong>Meg Matthews<\/strong>. Seus pais se divorciaram em 2001, quando ela tinha pouco mais de um ano. <\/p>\n<p>Apesar de passar a inf\u00e2ncia longe dos holofotes, Ana\u00efs come\u00e7ou a demonstrar interesse por fotografia por volta dos seis anos, e passou a fazer trabalhos como modelo aos 13. Atualmente, j\u00e1 fez trabalhos para marcas como Reebok, H&amp;M, Dolce &amp; Gabbana e Stella McCartney. <\/p>\n<p data-component-name=\"paragraph\" class=\"styles__ParagraphStyled-sc-6adecn-0 gsLklW  \">Desde o retorno do Oasis, Ana\u00efs passou a acompanhar a turn\u00ea. Mas esta n\u00e3o \u00e9 a sua primeira experi\u00eancia em bastidores de shows. Anteriormente, a jovem j\u00e1 havia trabalhado em projetos solo do pai, atuando como fot\u00f3grafa e videomaker. <\/p>\n<p data-component-name=\"paragraph\" class=\"styles__ParagraphStyled-sc-6adecn-0 gsLklW  \">\u201cNunca vou enjoar dos shows. Os p\u00fablicos s\u00e3o fenomenais, e fico emocionada todas as noites vendo o quanto as pessoas ficam felizes\u201d, disse, em entrevista \u00e0 revista brit\u00e2nica Grazia. Ela costuma ver os shows ao lado dos primos Lennon e Gene, filhos de <a href=\"https:\/\/www.estadao.com.br\/tudo-sobre\/liam-gallagher\/\" target=\"_blank\" rel=\"noreferrer nofollow noopener\" title=\"https:\/\/www.estadao.com.br\/tudo-sobre\/liam-gallagher\/\"><strong>Liam<\/strong><\/a>, e os descreve como \u201cas \u00fanicas pessoas que entendem a loucura e o antes e o depois\u201d. <\/p>\n<p data-component-name=\"paragraph\" class=\"styles__ParagraphStyled-sc-6adecn-0 gsLklW  \">Segundo o tabloide brit\u00e2nico The Sun, Ana\u00efs \u00e9 a arquiteta por tr\u00e1s da reconcilia\u00e7\u00e3o de Liam e Noel. De acordo com o relato, ela se tornou um apoio importante para o pai ap\u00f3s seu div\u00f3rcio de <strong>Sara MacDonald<\/strong>, e observou que ele tinha o desejo de reconstruir o relacionamento com Liam e <strong>Paul<\/strong>. <\/p>\n<p data-component-name=\"paragraph\" class=\"styles__ParagraphStyled-sc-6adecn-0 gsLklW  \">Desta forma, e usando o bom relacionamento que j\u00e1 mantinha com os primos, Ana\u00efs teria perguntado a Gene e Lennon se Liam estaria disposto a ouvi-la. Foi ent\u00e3o que, ainda conforme o relato, ela pediu ao tio para que entrasse em contato com o irm\u00e3o para demonstrar apoio.<\/p>\n<p data-component-name=\"paragraph\" class=\"styles__ParagraphStyled-sc-6adecn-0 gsLklW  \">Embora envolvida na turn\u00ea, h\u00e1 outros nomes apontados como poss\u00edveis respons\u00e1veis por orquestrar a reuni\u00e3o do Oasis.<strong> Peggy Gallagher<\/strong>, m\u00e3e dos m\u00fasicos, tamb\u00e9m afirmou ter incentivado a reaproxima\u00e7\u00e3o dos filhos. Durante uma das apresenta\u00e7\u00f5es, Noel disse que a reuni\u00e3o n\u00e3o teria acontecido se n\u00e3o fosse gra\u00e7as a <strong>Paul Arthurs<\/strong>, o <strong>Bonehead<\/strong>. O guitarrista precisou se afastar da turn\u00ea <a href=\"https:\/\/www.estadao.com.br\/cultura\/musica\/integrante-do-oasis-e-diagnosticado-com-cancer-e-anuncia-que-vai-se-afastar-da-turne-nprec\/\" target=\"_blank\" rel=\"noreferrer nofollow noopener\" title=\"https:\/\/www.estadao.com.br\/cultura\/musica\/integrante-do-oasis-e-diagnosticado-com-cancer-e-anuncia-que-vai-se-afastar-da-turne-nprec\/\">ap\u00f3s receber diagn\u00f3stico de c\u00e2ncer<\/a>. <\/p>\n<p data-component-name=\"paragraph\" class=\"styles__ParagraphStyled-sc-6adecn-0 gsLklW  \">Mesmo que Ana\u00efs tenha ajudado a selar a paz entre Liam e Noel, \u00e9 incerto como exatamente os dois toparam fazer uma nova turn\u00ea com o Oasis. Em dezembro do ano passado, o vocalista da banda Blossoms, Tom Ogden, disse que Ana\u00efs estava em sua casa quando os rumores de retorno musical come\u00e7aram a circular. <\/p>\n<p data-component-name=\"paragraph\" class=\"styles__ParagraphStyled-sc-6adecn-0 gsLklW  \">\u201cA filha do Noel, Ana\u00efs, estava hospedada na minha casa e na da Katie quando essas not\u00edcias come\u00e7aram a circular. E ela n\u00e3o fazia a menor ideia\u201d, disse, \u00e0 R\u00e1dio X (via NME). \u201cEla estava mandando mensagens para pessoas conhecidas para saber se era verdade. N\u00e3o recebeu nenhuma resposta.\u201d<\/p>\n","protected":false},"excerpt":{"rendered":"Ana\u00efs Gallagher, filha de Noel Gallagher, tem acompanhado a turn\u00ea mundial do Oasis, que chega ao Brasil neste&hellip;\n","protected":false},"author":2,"featured_media":160484,"comment_status":"","ping_status":"","sticky":false,"template":"","format":"standard","meta":{"footnotes":""},"categories":[141],"tags":[6263,10332,34132,34133,1772,7358,88,34134,34135,7102,16976,7482,8518,34136,8583,34137,114,115,27779,19962,28313,4192,1101,1103,7110,10337,29888,10338,549,21689,11038,8587,149,150,34138,34139,24676,1112,34140,32,34141,34142,33,34143,105,7119,7684,3173,11468,7380,34144,106,6439],"class_list":{"0":"post-160483","1":"post","2":"type-post","3":"status-publish","4":"format-standard","5":"has-post-thumbnail","7":"category-musica","8":"tag-ai","9":"tag-artificial","10":"tag-artificialintelligence","11":"tag-automation","12":"tag-background","13":"tag-brain","14":"tag-business","15":"tag-businessman","16":"tag-click","17":"tag-computer","18":"tag-computing","19":"tag-concept","20":"tag-data","21":"tag-decision","22":"tag-digital","23":"tag-engineering","24":"tag-entertainment","25":"tag-entretenimento","26":"tag-expert","27":"tag-future","28":"tag-futuristic","29":"tag-hand","30":"tag-human","31":"tag-icon","32":"tag-information","33":"tag-innovation","34":"tag-intellectual","35":"tag-intelligence","36":"tag-internet","37":"tag-learning","38":"tag-machine","39":"tag-modern","40":"tag-music","41":"tag-musica","42":"tag-nanotechnologies","43":"tag-networks","44":"tag-neural","45":"tag-people","46":"tag-pointing","47":"tag-portugal","48":"tag-pressing","49":"tag-programming","50":"tag-pt","51":"tag-robot","52":"tag-science","53":"tag-screen","54":"tag-sign","55":"tag-software","56":"tag-symbol","57":"tag-system","58":"tag-technologies","59":"tag-technology","60":"tag-web"},"share_on_mastodon":{"url":"","error":"Validation failed: Text character limit of 500 exceeded"},"_links":{"self":[{"href":"https:\/\/www.europesays.com\/pt\/wp-json\/wp\/v2\/posts\/160483","targetHints":{"allow":["GET"]}}],"collection":[{"href":"https:\/\/www.europesays.com\/pt\/wp-json\/wp\/v2\/posts"}],"about":[{"href":"https:\/\/www.europesays.com\/pt\/wp-json\/wp\/v2\/types\/post"}],"author":[{"embeddable":true,"href":"https:\/\/www.europesays.com\/pt\/wp-json\/wp\/v2\/users\/2"}],"replies":[{"embeddable":true,"href":"https:\/\/www.europesays.com\/pt\/wp-json\/wp\/v2\/comments?post=160483"}],"version-history":[{"count":0,"href":"https:\/\/www.europesays.com\/pt\/wp-json\/wp\/v2\/posts\/160483\/revisions"}],"wp:featuredmedia":[{"embeddable":true,"href":"https:\/\/www.europesays.com\/pt\/wp-json\/wp\/v2\/media\/160484"}],"wp:attachment":[{"href":"https:\/\/www.europesays.com\/pt\/wp-json\/wp\/v2\/media?parent=160483"}],"wp:term":[{"taxonomy":"category","embeddable":true,"href":"https:\/\/www.europesays.com\/pt\/wp-json\/wp\/v2\/categories?post=160483"},{"taxonomy":"post_tag","embeddable":true,"href":"https:\/\/www.europesays.com\/pt\/wp-json\/wp\/v2\/tags?post=160483"}],"curies":[{"name":"wp","href":"https:\/\/api.w.org\/{rel}","templated":true}]}}