{"id":160493,"date":"2025-11-21T21:22:16","date_gmt":"2025-11-21T21:22:16","guid":{"rendered":"https:\/\/www.europesays.com\/pt\/160493\/"},"modified":"2025-11-21T21:22:16","modified_gmt":"2025-11-21T21:22:16","slug":"mel-maia-usa-vestido-curtinho-com-decote-generoso-na-lateral","status":"publish","type":"post","link":"https:\/\/www.europesays.com\/pt\/160493\/","title":{"rendered":"Mel Maia usa vestido curtinho com decote generoso na lateral"},"content":{"rendered":"<p class=\"bullet mt-0\" data-v-232111b4=\"\">Mel Maia usou um vestido curtinho marrom com um &#8220;decot\u00e3o&#8221; na lateral no podcast PodDelas.<\/p>\n<p>O que aconteceu<\/p>\n<p class=\"bullet\" data-v-232111b4=\"\"><strong>A atriz recebeu v\u00e1rios elogios na sess\u00e3o de fotos com a pe\u00e7a. <\/strong>&#8220;Meu Deus, muito gata&#8221;, escreveu Maisa. &#8220;Caralh*, musa master!&#8221;, comentou Giullia Buscascio. &#8220;Maravilhosa!&#8221;, disse Tat\u00e1 Estaniecki, apresentadora do PodDelas. <\/p>\n<p class=\"bullet\" data-v-232111b4=\"\"><strong>O vestido &#8220;Juno&#8221;, da marca Francesca, custa R$ 1.698.<\/strong> A marca destaca o drapeado na lateral, &#8220;que desenha e valoriza a cintura com um decote ousado e aut\u00eantico&#8221;. A pe\u00e7a &#8220;equilibra sensualidade, eleg\u00e2ncia e modernidade&#8221;. Mel completou o visual com um cinto, deixando o vestido mais justo e curto. <\/p>\n","protected":false},"excerpt":{"rendered":"Mel Maia usou um vestido curtinho marrom com um &#8220;decot\u00e3o&#8221; na lateral no podcast PodDelas. O que aconteceu&hellip;\n","protected":false},"author":2,"featured_media":160494,"comment_status":"","ping_status":"","sticky":false,"template":"","format":"standard","meta":{"footnotes":""},"categories":[145],"tags":[211,210,114,115,32,33],"class_list":{"0":"post-160493","1":"post","2":"type-post","3":"status-publish","4":"format-standard","5":"has-post-thumbnail","7":"category-celebridades","8":"tag-celebridades","9":"tag-celebrities","10":"tag-entertainment","11":"tag-entretenimento","12":"tag-portugal","13":"tag-pt"},"share_on_mastodon":{"url":"https:\/\/pubeurope.com\/@pt\/115589791285747605","error":""},"_links":{"self":[{"href":"https:\/\/www.europesays.com\/pt\/wp-json\/wp\/v2\/posts\/160493","targetHints":{"allow":["GET"]}}],"collection":[{"href":"https:\/\/www.europesays.com\/pt\/wp-json\/wp\/v2\/posts"}],"about":[{"href":"https:\/\/www.europesays.com\/pt\/wp-json\/wp\/v2\/types\/post"}],"author":[{"embeddable":true,"href":"https:\/\/www.europesays.com\/pt\/wp-json\/wp\/v2\/users\/2"}],"replies":[{"embeddable":true,"href":"https:\/\/www.europesays.com\/pt\/wp-json\/wp\/v2\/comments?post=160493"}],"version-history":[{"count":0,"href":"https:\/\/www.europesays.com\/pt\/wp-json\/wp\/v2\/posts\/160493\/revisions"}],"wp:featuredmedia":[{"embeddable":true,"href":"https:\/\/www.europesays.com\/pt\/wp-json\/wp\/v2\/media\/160494"}],"wp:attachment":[{"href":"https:\/\/www.europesays.com\/pt\/wp-json\/wp\/v2\/media?parent=160493"}],"wp:term":[{"taxonomy":"category","embeddable":true,"href":"https:\/\/www.europesays.com\/pt\/wp-json\/wp\/v2\/categories?post=160493"},{"taxonomy":"post_tag","embeddable":true,"href":"https:\/\/www.europesays.com\/pt\/wp-json\/wp\/v2\/tags?post=160493"}],"curies":[{"name":"wp","href":"https:\/\/api.w.org\/{rel}","templated":true}]}}