{"id":160497,"date":"2025-11-21T21:26:09","date_gmt":"2025-11-21T21:26:09","guid":{"rendered":"https:\/\/www.europesays.com\/pt\/160497\/"},"modified":"2025-11-21T21:26:09","modified_gmt":"2025-11-21T21:26:09","slug":"tobias-sammet-fala-sobre-avantasia-no-brasil-edguy-e-the-metal-opera","status":"publish","type":"post","link":"https:\/\/www.europesays.com\/pt\/160497\/","title":{"rendered":"Tobias Sammet fala sobre Avantasia no Brasil, Edguy e \u201cThe Metal Opera\u201d"},"content":{"rendered":"\n<p><strong>*Por <a href=\"https:\/\/www.instagram.com\/fer_nando_nw\/\" target=\"_blank\" rel=\"noreferrer noopener nofollow\">Fernando Queiroz<\/a><\/strong> || Uma das principais atra\u00e7\u00f5es do <strong><a href=\"https:\/\/igormiranda.com.br\/tag\/bangers-open-air-2025\/\" target=\"_blank\" rel=\"noreferrer noopener nofollow\">Bangers Open Air 2025<\/a><\/strong>, o <strong><a href=\"https:\/\/igormiranda.com.br\/tag\/avantasia\/\" target=\"_blank\" rel=\"noreferrer noopener nofollow\">Avantasia<\/a><\/strong> volta ao Brasil \u2014 e, novamente, a S\u00e3o Paulo \u2014 para show solo, ainda com a turn\u00ea do \u00e1lbum mais recente, <strong>\u201cHere Be Dragons\u201d<\/strong> (2025). A performance est\u00e1 agendada para 29 de novembro, na Vibra, com ingressos \u00e0 venda no site <a href=\"https:\/\/uhuu.com\/evento\/sp\/sao-paulo\/avantasia-14837\" target=\"_blank\" rel=\"noreferrer noopener nofollow\">Uhuu<\/a>.<\/p>\n<p>\u00c9 a primeira vez que o projeto comandado pelo vocalista <strong>Tobias Sammet<\/strong> se apresenta em duas ocasi\u00f5es no mesmo ano e cidade brasileira. Em entrevista ao site <strong><a href=\"https:\/\/igormiranda.com.br\" target=\"_blank\" rel=\"noreferrer noopener nofollow\">IgorMiranda.com.br<\/a><\/strong>, o l\u00edder da banda adiantou \u2014 um pouco \u2014 do que esperar em compara\u00e7\u00e3o \u00e0 visita anterior.<\/p>\n<p>&#8211; Advertisement &#8211;<\/p>\n<p>\u201cSer\u00e1 um show mais longo. Vamos tocar algumas dos \u00e1lbuns \u2018The Metal Opera\u2019 e mais algumas que tocamos na Europa, mas n\u00e3o pudemos tocar no Bangers Open Air. Cada show tem din\u00e2mica, abordagem e esp\u00edrito diferentes. A forma\u00e7\u00e3o ainda estar\u00e1 parcialmente diferente, entre instrumentistas e cantores. Ao mesmo tempo, o Avantasia e o Edguy sempre tiveram um caso de amor com o Brasil.\u201d<\/p>\n<p>Paix\u00e3o \u00e0 parte, Sammet imagina que o grupo estar\u00e1 distante da Am\u00e9rica do Sul como um todo nos pr\u00f3ximos tempos. Ele pontua:<\/p>\n<p>\u201cAp\u00f3s esse show, creio que teremos uma longa pausa do Avantasia na Am\u00e9rica do Sul. Queremos fazer isso bem, pois \u00e9 a lembran\u00e7a que queremos deixar a\u00ed para os anos futuros.\u201d<\/p>\n<p>A t\u00edtulo de curiosidade, o repert\u00f3rio executado pelo Avantasia durante um dos shows na Europa, em abril \u2014 logo antes do Bangers e com mais de 2h30 de dura\u00e7\u00e3o \u2014 foi:<\/p>\n<ol class=\"wp-block-list\">\n<li>Creepshow<\/li>\n<li>Reach Out for the Light (com Adrienne Cowan)<\/li>\n<li>The Witch (com Tommy Karevik)<\/li>\n<li>Devil in the Belfry (com Herbie Langhans)<\/li>\n<li>Phantasmagoria (com Ronnie Atkins)<\/li>\n<li>What\u2019s Left of Me (com Eric Martin)<\/li>\n<li>Dying for an Angel (com Eric Martin)<\/li>\n<li>Against the Wind (com Kenny Leckremo)<\/li>\n<li>Here Be Dragons (com Tommy Karevik)<\/li>\n<li>The Story Ain\u2019t Over (com Bob Catley e Chiara Tricarico)<\/li>\n<li>Avalon (com Adrienne Cowan)<\/li>\n<li>Let the Storm Descend Upon You (com Ronnie Atkins e Herbie Langhans)<\/li>\n<li>Promised Land (com Ronnie Atkins e Eric Martin, sem Tobias Sammet)<\/li>\n<li>The Toy Master<\/li>\n<li>Twisted Mind (com Ronnie Atkins e Eric Martin, sem Tobias Sammet)<\/li>\n<li>The Wicked Symphony (com Tommy Karevik e Kenny Leckremo, sem Tobias Sammet)<\/li>\n<li>Shelter from the Rain (com Kenny Leckremo, Herbie Langhans e Bob Catley, sem Tobias Sammet)<\/li>\n<li>Farewell (com Chiara Tricarico)<\/li>\n<li>The Scarecrow (com Ronnie Atkins)<\/li>\n<li>Death is Just a Feeling<br \/>Bis:<\/li>\n<li>Lucifer<\/li>\n<li>Lost in Space<\/li>\n<li>Sign of the Cross \/ The Seven Angels (com todos os cantores)<\/li>\n<\/ol>\n<p> Bruce Dickinson mudou sua vis\u00e3o sobre o Brasil <\/p>\n<p>At\u00e9 2002, Tobias Sammet nunca havia deixado a Europa. Foi neste ano em que o vocalista trouxe a banda que o consagrou inicialmente, o <strong>Edguy<\/strong>, para shows justamente no Brasil, quando passou por S\u00e3o Paulo, Curitiba, Caxias do Sul e Florian\u00f3polis.<\/p>\n<p>O alem\u00e3o confessa, por\u00e9m, que \u00e0 \u00e9poca tinha uma vis\u00e3o distorcida sobre nosso pa\u00eds. Quem o ajudou a mudar essa percep\u00e7\u00e3o antes da viagem? Ningu\u00e9m menos que <strong>Bruce Dickinson<\/strong>, vocalista do <strong>Iron Maiden<\/strong>.<\/p>\n<p>\u201cDois dias antes de ir, falei com Bruce Dickinson. O Iron Maiden divulgava o ao vivo <strong>\u2018Rock in Rio\u2019<\/strong> e conversamos sobre a Am\u00e9rica do Sul. Ele disse que foi \u00f3timo para o Iron Maiden tocar no Rock in Rio e como os f\u00e3s s\u00e3o malucos. Eu n\u00e3o sabia o que esperar! Falei: \u2018nunca estive l\u00e1, n\u00e3o \u00e9 algo como uma selva o pa\u00eds?\u2019. Ele disse: \u2018Voc\u00ea est\u00e1 maluco? L\u00e1 \u00e9 o motor da Am\u00e9rica Latina, \u00e9 super avan\u00e7ado economicamente\u2019. Foi como estar em casa, foi incr\u00edvel desde o come\u00e7o, fiz muitos amigos a\u00ed.\u201d<\/p>\n<p>Ele complementou, citando um dos grandes \u00eddolos nacionais e outro \u00edcone global:<\/p>\n<p>\u201cEu j\u00e1 conhecia o <strong>Andre Matos<\/strong>, j\u00e1 t\u00ednhamos trabalhado juntos. Foi incr\u00edvel. A rea\u00e7\u00e3o l\u00e1 no DirecTV Music Hall [onde o Edguy tocou em S\u00e3o Paulo], acho que tinha 2,5 mil pessoas. N\u00e3o era muito grande, mas os f\u00e3s soaram t\u00e3o altos quanto dez mil alem\u00e3es. Tudo que eu sabia do Brasil era Andre Matos, <strong>Giovane \u00c9lber<\/strong> (ex-jogador do Bayern de Munique) e <strong>Pel\u00e9<\/strong>, \u00e9 claro. Foi fant\u00e1stico, e tem sido fant\u00e1stico desde ent\u00e3o! J\u00e1 estive a\u00ed v\u00e1rias vezes, em v\u00e1rias cidades. Inclusive, a primeira vez que conheci o <strong>Slash<\/strong> pessoalmente foi quando abrimos para a banda dele em Bras\u00edlia. Eu amo o Brasil!\u201d<\/p>\n<p> Shaman e grava\u00e7\u00e3o de DVD <\/p>\n<p>Naturalmente, a conversa seguiu para outra lembran\u00e7a sobre Brasil: a grava\u00e7\u00e3o do DVD ao vivo <strong>\u201cRituAlive\u201d<\/strong>, do <strong>Shaman<\/strong>, que contou com sua participa\u00e7\u00e3o nas m\u00fasicas <strong>\u201cPride\u201d<\/strong> e <strong>\u201cSign of the Cross\u201d<\/strong>, esta do Avantasia. A ocasi\u00e3o inspirou Tobias Sammet a registrar, tamb\u00e9m, um trabalho ao vivo em S\u00e3o Paulo.<\/p>\n<p>Foram duas tentativas, a primeira com problemas t\u00e9cnicos. A grava\u00e7\u00e3o bem-sucedida, feita em 2006, rendeu o DVD <strong>\u201cF#cking With F***: Live in S\u00e3o Paulo\u201d <\/strong>(2009). A fracassada, ocorrida em 2004, saiu como b\u00f4nus da compila\u00e7\u00e3o <strong>\u201cMonuments\u201d<\/strong> (2017), quando os dilemas acabaram devidamente resolvidos.<\/p>\n<p>\u201cFoi incr\u00edvel estar l\u00e1 com o Shaman gravando o \u2018RituAlive\u2019, mas s\u00f3 em retrospectiva voc\u00ea percebe o qu\u00e3o m\u00e1gico e grande aquilo foi. Percebi naquela noite que, se eu fosse algum dia fazer um DVD ao vivo, teria que ser no Brasil, pois pensei \u2018essas pessoas s\u00e3o alucinadas!\u2019, no bom sentido. Dois anos depois, o Edguy na turn\u00ea do \u2018Hellfire Club\u2019 passou pela Am\u00e9rica Latina e gravamos em S\u00e3o Paulo. Organizei toda a produ\u00e7\u00e3o de palco, grava\u00e7\u00e3o\u2026 aquilo nos custou uma fortuna! N\u00e3o \u00e9ramos uma banda super grande. Levamos tudo daqui para o Brasil, o que custou muito dinheiro, mas sab\u00edamos que t\u00ednhamos que fazer o DVD l\u00e1. Tivemos problemas t\u00e9cnicos, e s\u00f3 lan\u00e7amos muito tempo depois, junto do \u2018Monuments\u2019, em 2017.\u201d<\/p>\n<p> E o Edguy? <\/p>\n<p>Com tantas men\u00e7\u00f5es ao Edguy, n\u00e3o dava para deixar de abordar a possibilidade de um retorno da banda. Desde 2020 o grupo est\u00e1 em um hiato indeterminado. Ser\u00e1 que eles voltariam para, por exemplo, celebrar os 20 anos do \u00e1lbum \u201cRocket Ride\u201d (2006)?<\/p>\n<p>Tobias Sammet diz n\u00e3o saber se acontecer\u00e1 algo, mas confessa: espera poder cantar ao vivo novamente m\u00fasicas dessa fase de sua carreira. E ainda revela que o disco de 2006 \u00e9 o seu predileto.<\/p>\n<p>\u201cN\u00e3o sei se isso [a volta] vai acontecer. Sinto muita falta de cantar essas m\u00fasicas, s\u00e3o parte de mim, eu as compus. Todos no Edguy s\u00e3o meus amigos, mas n\u00e3o vejo isso acontecendo agora. \u2018Rocket Ride\u2019 \u00e9 o meu preferido dos \u00e1lbuns do Edguy: \u00e9 o mais diversificado, \u00e9 como <strong>\u2018The Scarecrow\u2019<\/strong> (2008) do Edguy. Mas acho que <strong>\u2018Hellfire Club\u2019<\/strong> (2004), <strong>\u2018Mandrake\u2019<\/strong> (2001), e at\u00e9 <strong>\u2018Vain Glory Opera\u2019<\/strong> (1998) tamb\u00e9m tem \u00f3timas m\u00fasicas. Era tudo muito saud\u00e1vel, \u00e9ramos jovens, n\u00e3o sab\u00edamos de nada e mesmo assim fizemos aquilo.\u201d<\/p>\n<p>O cantor ainda complementa:<\/p>\n<p>\u201cNeste momento, chegamos em um ponto onde estamos em lugares diferentes. N\u00e3o estamos mais em sintonia. Ficou tudo muito desgastado. Est\u00e1vamos cansados, pois quando crescemos todos juntos como amigos, h\u00e1 uma din\u00e2mica na banda, e quando \u00e9 voc\u00ea que carrega tudo na banda \u2014 comp\u00f5e as m\u00fasicas, toma as decis\u00f5es, e tem a responsabilidade de manter cinco pessoas felizes ali \u2014, tudo fica muito maluco. A\u00ed come\u00e7a aquela coisa de \u2018eu quero que seja assim, eu quero tocar dessa forma, eu quero ser um avi\u00e3o\u2019 [risos], fica tudo muito dif\u00edcil e todos come\u00e7am a discutir. Voc\u00ea pensa: \u2018ah, dane-se, eu vou fazer tudo sozinho, a\u00ed ningu\u00e9m reclama\u2019. Fiquei nessa linha pois estava ficando realmente melhor e maior. Mas n\u00e3o teria problemas em fazer algo com o Edguy de novo. Espero que aconte\u00e7a em algum momento, mas n\u00e3o tenho ideia se realmente vai.\u201d<\/p>\n<p>Ainda sob a proposta de olhar para o passado, Tobias Sammet foi colocado para pensar em uma ideia curiosa, agora envolvendo o Avantasia.<\/p>\n<p>Tempos atr\u00e1s, o cantor disse que considerava os dois primeiros \u00e1lbuns do projeto, <strong>\u201cThe Metal Opera\u201d<\/strong> (2001) e <strong>\u201cThe Metal Opera Part II\u201d<\/strong> (2002), um pouco juvenis. Depois, afirmou que sua fala acabou retratada de modo descontextualizado.<\/p>\n<p>De todo modo, agora, perguntamos: ser\u00e1 que ele gostaria de regravar esses discos? Na resposta, foi sincero e garantiu que s\u00f3 toparia mergulhar em uma iniciativa como essa em uma situa\u00e7\u00e3o espec\u00edfica: neg\u00f3cios.<\/p>\n<p>\u201cN\u00e3o! N\u00e3o mexa em seu passado! Talvez eu fizesse isso apenas por raz\u00f5es de neg\u00f3cios, pois o contrato desses dois \u00e1lbuns \u00e9 t\u00e3o ruim, e\u2026 Jesus Cristo! O cara que cuidava da gravadora morreu, a empresa foi vendida, depois vendida de novo e os compromissos n\u00e3o foram\u2026 bem, n\u00e3o quero falar disso, mas esse seria um bom motivo para regravar o \u00e1lbum algum dia. Se voc\u00ea faz isso, deve ter um motivo realmente v\u00e1lido e fazer melhor. Mas se eu gravar apenas um sussurro diferente, as pessoas v\u00e3o falar \u2018ei, eu prefiro o original!\u2019. Voc\u00ea gostaria de ouvir o <strong>\u2018Back in Black\u2019<\/strong> (1980) do <strong>AC\/DC<\/strong> regravado? N\u00e3o! Ent\u00e3o tem que ser uma raz\u00e3o realmente especial para fazer. N\u00e3o penso nisso agora, pois tenho tanta m\u00fasica nova para produzir que n\u00e3o consigo pensar nisso.\u201d<\/p>\n<p><strong>*O Avantasia se apresenta na Vibra S\u00e3o Paulo em 29 de novembro. Ingressos est\u00e3o \u00e0 venda no site <a href=\"https:\/\/uhuu.com\/evento\/sp\/sao-paulo\/avantasia-14837\" target=\"_blank\" rel=\"noreferrer noopener nofollow\">Uhuu<\/a>.<\/strong><\/p>\n<p><strong>Clique<\/strong> para seguir IgorMiranda.com.br no: <a href=\"https:\/\/instagram.com\/igormirandasite\" target=\"_blank\" rel=\"noreferrer noopener nofollow\">Instagram<\/a> | <a href=\"https:\/\/bsky.app\/profile\/igormirandasite.bsky.social\" target=\"_blank\" rel=\"noreferrer noopener nofollow\">Bluesky<\/a> | <a href=\"https:\/\/twitter.com\/igormirandasite\" target=\"_blank\" rel=\"noreferrer noopener nofollow\">Twitter<\/a> | <a href=\"https:\/\/tiktok.com\/@igormirandasite\" target=\"_blank\" rel=\"noreferrer noopener nofollow\">TikTok<\/a> | <a href=\"https:\/\/facebook.com\/igormirandasite\" target=\"_blank\" rel=\"noreferrer noopener nofollow\">Facebook<\/a> | <a href=\"https:\/\/www.youtube.com\/igormirandasite\" target=\"_blank\" rel=\"noreferrer noopener nofollow\">YouTube<\/a> | <a href=\"https:\/\/www.threads.net\/@igormirandasite\" target=\"_blank\" rel=\"noreferrer noopener nofollow\">Threads<\/a>.<\/p>\n<p> <script async src=\"https:\/\/platform.twitter.com\/widgets.js\" charset=\"utf-8\"><\/script><script async src=\"\/\/www.instagram.com\/embed.js\"><\/script><script async src=\"\/\/www.tiktok.com\/embed.js\"><\/script><\/p>\n","protected":false},"excerpt":{"rendered":"*Por Fernando Queiroz || Uma das principais atra\u00e7\u00f5es do Bangers Open Air 2025, o Avantasia volta ao Brasil&hellip;\n","protected":false},"author":2,"featured_media":160498,"comment_status":"","ping_status":"","sticky":false,"template":"","format":"standard","meta":{"footnotes":""},"categories":[141],"tags":[34149,34150,114,115,149,150,32,33,34151],"class_list":{"0":"post-160497","1":"post","2":"type-post","3":"status-publish","4":"format-standard","5":"has-post-thumbnail","7":"category-musica","8":"tag-avantasia","9":"tag-edguy","10":"tag-entertainment","11":"tag-entretenimento","12":"tag-music","13":"tag-musica","14":"tag-portugal","15":"tag-pt","16":"tag-tobias-sammet"},"share_on_mastodon":{"url":"https:\/\/pubeurope.com\/@pt\/115589807007142306","error":""},"_links":{"self":[{"href":"https:\/\/www.europesays.com\/pt\/wp-json\/wp\/v2\/posts\/160497","targetHints":{"allow":["GET"]}}],"collection":[{"href":"https:\/\/www.europesays.com\/pt\/wp-json\/wp\/v2\/posts"}],"about":[{"href":"https:\/\/www.europesays.com\/pt\/wp-json\/wp\/v2\/types\/post"}],"author":[{"embeddable":true,"href":"https:\/\/www.europesays.com\/pt\/wp-json\/wp\/v2\/users\/2"}],"replies":[{"embeddable":true,"href":"https:\/\/www.europesays.com\/pt\/wp-json\/wp\/v2\/comments?post=160497"}],"version-history":[{"count":0,"href":"https:\/\/www.europesays.com\/pt\/wp-json\/wp\/v2\/posts\/160497\/revisions"}],"wp:featuredmedia":[{"embeddable":true,"href":"https:\/\/www.europesays.com\/pt\/wp-json\/wp\/v2\/media\/160498"}],"wp:attachment":[{"href":"https:\/\/www.europesays.com\/pt\/wp-json\/wp\/v2\/media?parent=160497"}],"wp:term":[{"taxonomy":"category","embeddable":true,"href":"https:\/\/www.europesays.com\/pt\/wp-json\/wp\/v2\/categories?post=160497"},{"taxonomy":"post_tag","embeddable":true,"href":"https:\/\/www.europesays.com\/pt\/wp-json\/wp\/v2\/tags?post=160497"}],"curies":[{"name":"wp","href":"https:\/\/api.w.org\/{rel}","templated":true}]}}