{"id":160505,"date":"2025-11-21T21:36:11","date_gmt":"2025-11-21T21:36:11","guid":{"rendered":"https:\/\/www.europesays.com\/pt\/160505\/"},"modified":"2025-11-21T21:36:11","modified_gmt":"2025-11-21T21:36:11","slug":"virginia-ganha-buque-de-rosas-gigante-de-vini-jr-celebridades","status":"publish","type":"post","link":"https:\/\/www.europesays.com\/pt\/160505\/","title":{"rendered":"Virginia ganha buqu\u00ea de rosas gigante de Vini Jr. | Celebridades"},"content":{"rendered":"<p>Rio \u2013 Virginia Fonseca, 26 anos, ganhou um buqu\u00ea de rosas gigantes do namorado, o atacante do Real Madrid Vini Jr., 25, e compartilhou o momento nas redes sociais.<\/p>\n<p>        &#13;<br \/>\n            fotogaleria&#13;<br \/>\n            &#13;<\/p>\n<p>                                <img decoding=\"async\" width=\"1920\" alt=\"Virginia recebeu um cart\u00e3o junto das flores enviadas por Vini Jr. - Reprodu\u00e7\u00e3o \/ Instagram\" class=\"lazyload\" src=\"https:\/\/www.europesays.com\/pt\/wp-content\/uploads\/2025\/11\/whatsapp_image_2025_11_21_at_17_22_52-37544857.jpeg\"\/><\/p>\n<p>                                <img decoding=\"async\" width=\"1920\" alt=\"Virginia Fonseca amou o presente - Reprodu\u00e7\u00e3o \/ Instagram\" class=\"lazyload\" src=\"https:\/\/www.europesays.com\/pt\/wp-content\/uploads\/2025\/11\/ja_falei_q_amo_receber_flores_hoje________________________________________-37544845.jpg\"\/><\/p>\n<p>\u201cChego em casa e simplesmente esse buqu\u00ea de rosas gigante em cima da minha cama que Vini me mandou. Saudades, amor, eu amei muito\u201d, disse a influenciadora, em tom apaixonado, nos stories do Instagram.<\/p>\n<p>As flores vieram acompanhadas de um cart\u00e3o com a mensagem: \u201cFeliz por esse dia especial para voc\u00ea\u201d.<\/p>\n<p>No feed, a dona da marca We Pink publicou uma foto posando em frente ao espelho enquanto segurava o presente. \u201cJ\u00e1 falei que amo receber flores, hoje?!\u201d, escreveu, com emojis de cora\u00e7\u00e3o vermelho.<\/p>\n<p>Vini Jr. respondeu \u00e0 postagem com um simples, por\u00e9m direto: \u201cSaudades\u201d.<\/p>\n","protected":false},"excerpt":{"rendered":"Rio \u2013 Virginia Fonseca, 26 anos, ganhou um buqu\u00ea de rosas gigantes do namorado, o atacante do Real&hellip;\n","protected":false},"author":2,"featured_media":160506,"comment_status":"","ping_status":"","sticky":false,"template":"","format":"standard","meta":{"footnotes":""},"categories":[145],"tags":[34153,211,210,114,115,32,33,3126,1446],"class_list":{"0":"post-160505","1":"post","2":"type-post","3":"status-publish","4":"format-standard","5":"has-post-thumbnail","7":"category-celebridades","8":"tag-buque-de-rosas","9":"tag-celebridades","10":"tag-celebrities","11":"tag-entertainment","12":"tag-entretenimento","13":"tag-portugal","14":"tag-pt","15":"tag-vini-jr","16":"tag-virginia-fonseca"},"share_on_mastodon":{"url":"https:\/\/pubeurope.com\/@pt\/115589846595251042","error":""},"_links":{"self":[{"href":"https:\/\/www.europesays.com\/pt\/wp-json\/wp\/v2\/posts\/160505","targetHints":{"allow":["GET"]}}],"collection":[{"href":"https:\/\/www.europesays.com\/pt\/wp-json\/wp\/v2\/posts"}],"about":[{"href":"https:\/\/www.europesays.com\/pt\/wp-json\/wp\/v2\/types\/post"}],"author":[{"embeddable":true,"href":"https:\/\/www.europesays.com\/pt\/wp-json\/wp\/v2\/users\/2"}],"replies":[{"embeddable":true,"href":"https:\/\/www.europesays.com\/pt\/wp-json\/wp\/v2\/comments?post=160505"}],"version-history":[{"count":0,"href":"https:\/\/www.europesays.com\/pt\/wp-json\/wp\/v2\/posts\/160505\/revisions"}],"wp:featuredmedia":[{"embeddable":true,"href":"https:\/\/www.europesays.com\/pt\/wp-json\/wp\/v2\/media\/160506"}],"wp:attachment":[{"href":"https:\/\/www.europesays.com\/pt\/wp-json\/wp\/v2\/media?parent=160505"}],"wp:term":[{"taxonomy":"category","embeddable":true,"href":"https:\/\/www.europesays.com\/pt\/wp-json\/wp\/v2\/categories?post=160505"},{"taxonomy":"post_tag","embeddable":true,"href":"https:\/\/www.europesays.com\/pt\/wp-json\/wp\/v2\/tags?post=160505"}],"curies":[{"name":"wp","href":"https:\/\/api.w.org\/{rel}","templated":true}]}}