{"id":160507,"date":"2025-11-21T21:39:14","date_gmt":"2025-11-21T21:39:14","guid":{"rendered":"https:\/\/www.europesays.com\/pt\/160507\/"},"modified":"2025-11-21T21:39:14","modified_gmt":"2025-11-21T21:39:14","slug":"prime-video-confirma-segunda-temporada-de-tremembe-com-robinho","status":"publish","type":"post","link":"https:\/\/www.europesays.com\/pt\/160507\/","title":{"rendered":"Prime Video confirma segunda temporada de &#8220;Trememb\u00e9&#8221; com Robinho"},"content":{"rendered":"<p>O \u00a0Prime Video anunciou nesta sexta-feira (21\/11) a segunda temporada de\u201cTrememb\u00e9\u201d, que incluir\u00e1 o ex-jogador Robinho entre os novos personagens. A informa\u00e7\u00e3o foi compartilhada nas redes sociais, em um v\u00eddeo compartilhado pela atriz Marina Ruy Barbosa, int\u00e9rprete de Suzane von Richthofen na produ\u00e7\u00e3o.\u00a0<\/p>\n<p>A nova temporada vai continuar acompanhando a hist\u00f3ria de Suzane, condenada pelo assassinato dos pais, em sua trajet\u00f5ria de reintegra\u00e7\u00e3o social fora da pris\u00e3o. A narrativa tamb\u00e9m vai incluir a hist\u00f3ria de Robinho no pres\u00eddio, onde cumpre pena de 9 anos por estupro coletivo cometido na Europa.<\/p>\n<blockquote class=\"instagram-media\" style=\"background: #FFF; border: 0; border-radius: 3px; box-shadow: 0 0 1px 0 rgba(0,0,0,0.5),0 1px 10px 0 rgba(0,0,0,0.15); margin: 1px; max-width: 540px; min-width: 326px; padding: 0; width: calc(100% - 2px);\" data-instgrm-captioned=\"\" data-instgrm-permalink=\"https:\/\/www.instagram.com\/reel\/DRUpaGEjV_Z\/?utm_source=ig_embed&amp;utm_campaign=loading\" data-instgrm-version=\"14\"><p>&#13;<br \/>\n&#13;\n<\/p><\/blockquote>\n<p>Na ala feminina, al\u00e9m de Suzane como protagonista principal, a personagem Elize Matsunaga tamb\u00e9m ter\u00e1 sua hist\u00f3ria desenvolvida, mostrando sua adapta\u00e7\u00e3o ao regime aberto e os desafios de iniciar uma nova carreira profissional.<\/p>\n<p>De acordo com informa\u00e7\u00f5es divulgadas pela plataforma de streaming, a segunda temporada ainda apresentar\u00e1 um contraste na ala masculina com a chegada de Robinho e Thiago Brennand, ambos descritos como &#8220;milion\u00e1rios condenados por crimes sexuais&#8221;, estabelecendo uma din\u00e2mica de poder e privil\u00e9gio entre os detentos.<\/p>\n<p>O comunicado oficial do Prime Video tamb\u00e9m indica que os novos epis\u00f3dios dar\u00e3o continuidade aos acontecimentos apresentados na primeira temporada, al\u00e9m de introduzir novas narrativas ao universo da s\u00e9rie, que tem como cen\u00e1rio principal a penitenci\u00e1ria de Trememb\u00e9.<\/p>\n<p>A data de lan\u00e7amento dos novos epis\u00f3dios ainda n\u00e3o foi divulgada pelo Prime Video.\u00a0<\/p>\n<p>            <script async src=\"\/\/www.instagram.com\/embed.js\"><\/script><\/p>\n","protected":false},"excerpt":{"rendered":"O \u00a0Prime Video anunciou nesta sexta-feira (21\/11) a segunda temporada de\u201cTrememb\u00e9\u201d, que incluir\u00e1 o ex-jogador Robinho entre os&hellip;\n","protected":false},"author":2,"featured_media":160508,"comment_status":"","ping_status":"","sticky":false,"template":"","format":"standard","meta":{"footnotes":""},"categories":[142],"tags":[114,115,32,1587,33,9175,24319,151],"class_list":{"0":"post-160507","1":"post","2":"type-post","3":"status-publish","4":"format-standard","5":"has-post-thumbnail","7":"category-tv","8":"tag-entertainment","9":"tag-entretenimento","10":"tag-portugal","11":"tag-prime-video","12":"tag-pt","13":"tag-robinho","14":"tag-tremembe","15":"tag-tv"},"share_on_mastodon":{"url":"https:\/\/pubeurope.com\/@pt\/115589858540147856","error":""},"_links":{"self":[{"href":"https:\/\/www.europesays.com\/pt\/wp-json\/wp\/v2\/posts\/160507","targetHints":{"allow":["GET"]}}],"collection":[{"href":"https:\/\/www.europesays.com\/pt\/wp-json\/wp\/v2\/posts"}],"about":[{"href":"https:\/\/www.europesays.com\/pt\/wp-json\/wp\/v2\/types\/post"}],"author":[{"embeddable":true,"href":"https:\/\/www.europesays.com\/pt\/wp-json\/wp\/v2\/users\/2"}],"replies":[{"embeddable":true,"href":"https:\/\/www.europesays.com\/pt\/wp-json\/wp\/v2\/comments?post=160507"}],"version-history":[{"count":0,"href":"https:\/\/www.europesays.com\/pt\/wp-json\/wp\/v2\/posts\/160507\/revisions"}],"wp:featuredmedia":[{"embeddable":true,"href":"https:\/\/www.europesays.com\/pt\/wp-json\/wp\/v2\/media\/160508"}],"wp:attachment":[{"href":"https:\/\/www.europesays.com\/pt\/wp-json\/wp\/v2\/media?parent=160507"}],"wp:term":[{"taxonomy":"category","embeddable":true,"href":"https:\/\/www.europesays.com\/pt\/wp-json\/wp\/v2\/categories?post=160507"},{"taxonomy":"post_tag","embeddable":true,"href":"https:\/\/www.europesays.com\/pt\/wp-json\/wp\/v2\/tags?post=160507"}],"curies":[{"name":"wp","href":"https:\/\/api.w.org\/{rel}","templated":true}]}}