{"id":160509,"date":"2025-11-21T21:40:11","date_gmt":"2025-11-21T21:40:11","guid":{"rendered":"https:\/\/www.europesays.com\/pt\/160509\/"},"modified":"2025-11-21T21:40:11","modified_gmt":"2025-11-21T21:40:11","slug":"ha-duas-novas-confirmacoes-uma-vai-atuar-em-portugal-pela-primeira-vez","status":"publish","type":"post","link":"https:\/\/www.europesays.com\/pt\/160509\/","title":{"rendered":"h\u00e1 duas novas confirma\u00e7\u00f5es, uma vai atuar em Portugal pela primeira vez"},"content":{"rendered":"<p><strong>A cantora Joss Stone e a banda 4 Non Blondes s\u00e3o as mais recentes confirma\u00e7\u00f5es para a edi\u00e7\u00e3o do pr\u00f3ximo ano do Rock in Rio Lisboa.<\/strong><\/p>\n<p>As atua\u00e7\u00f5es v\u00e3o acontecer no <strong>dia 27 de junho<\/strong>, o \u201c<strong>Legends Day<\/strong>\u201d do Rock in Rio Lisboa 2026 para o qual estava j\u00e1 confirmada a presen\u00e7a do <a href=\"https:\/\/sicnoticias.pt\/cultura\/2025-11-05-rod-stewart-confirmado-para-o-rock-in-rio-lisboa--e95303ec\" target=\"_blank\" rel=\"noreferrer noopener nofollow\">lend\u00e1rio cantor brit\u00e2nico Rod Stewart<\/a>.<\/p>\n<p>Uma estreia absoluta nos palcos portugueses<\/p>\n<p>As <strong>4 Non Blondes<\/strong>, que <strong>nunca atuaram em Portugal<\/strong>, ir\u00e3o inaugurar o Palco Mundo no terceiro dia de festival. A banda californiana de S\u00e3o Francisco <strong>regressa aos concertos depois de meses afastada dos palcos<\/strong>.<\/p>\n<p>O single What\u2019s Up? \u00e9, de longe, <strong>o maior sucesso<\/strong> das 4 Non Blondes. O videoclipe tornou-se um <strong>fen\u00f3meno na MTV<\/strong> e impulsionou o \u00e1lbum para <strong>mais de seis milh\u00f5es de c\u00f3pias vendidas<\/strong> em todo o mundo, garantindo \u00e0 banda <strong>discos de ouro e platina<\/strong>.<\/p>\n<p>Um regresso na estreia do Palco Super Bock<\/p>\n<p>Joss Stone regressa a Portugal como cabe\u00e7a de cartaz do novo Palco Super Bock, no \u00e2mbito da digress\u00e3o Less is More. Com um Brit Award e um Grammy no curr\u00edculo, a cantora brit\u00e2nica \u00e9 hoje uma das int\u00e9rpretes soul mais respeitadas da sua gera\u00e7\u00e3o.<\/p>\n<p>Para o primeiro fim de semana de festival j\u00e1 foram anunciados v\u00e1rios nomes. No dia 20 de junho, s\u00e1bado, sobem a palco <a href=\"https:\/\/sicnoticias.pt\/pesquisa?q=Katy+Perry\" target=\"_blank\" rel=\"noreferrer noopener nofollow\">Katy Perry,<\/a> <a href=\"https:\/\/sicnoticias.pt\/cultura\/2025-07-28-pedro-sampaio-confirmado-no-rock-in-rio-lisboa-2026-ba3cb0fd\" target=\"_blank\" rel=\"noreferrer noopener nofollow\">Pedro Sampaio<\/a>, Calema e Napa. No dia seguinte atuam os <a href=\"https:\/\/sicnoticias.pt\/cultura\/2025-05-30-linkin-park-vao-atuar-no-rock-in-rio-lisboa-2026-5c3b25a7\" target=\"_blank\" rel=\"noreferrer noopener nofollow\">Linkin Park<\/a>, <a href=\"https:\/\/sicnoticias.pt\/cultura\/2025-11-03-rock-in-rio-lisboa-cypress-hill-kaiser-chiefs-e-grandson-sao-as-novas-confirmacoes-2c949b0b?utm_source=sicnot&amp;utm_medium=search&amp;utm_campaign=WEB&amp;utm_content=\/cultura\/2025-11-03-rock-in-rio-lisboa-cypress-hill-kaiser-chiefs-e-grandson-sao-as-novas-confirmacoes-2c949b0b\" target=\"_blank\" rel=\"noreferrer noopener nofollow\">Cypress Hill, Kaiser Chiefs e Grandson<\/a>.<\/p>\n<p>Os bilhetes para os dias 20, 21 e 27 de junho do Rock in Rio Lisboa 2026 j\u00e1 est\u00e3o dispon\u00edveis em <a href=\"https:\/\/feverup.com\/m\/371468?thm=4755\" target=\"_blank\" rel=\"noreferrer noopener nofollow\">tickets.rockinriolisboa.pt<\/a>, lojas Worten e <a href=\"https:\/\/www.worten.pt\/produtos\/bilhete-rock-in-rio-lisboa-2026-8489053\" target=\"_blank\" rel=\"noreferrer noopener nofollow\">worten.pt<\/a>. O festival realiza-se no Parque Papa Francisco, em Lisboa. <\/p>\n","protected":false},"excerpt":{"rendered":"A cantora Joss Stone e a banda 4 Non Blondes s\u00e3o as mais recentes confirma\u00e7\u00f5es para a edi\u00e7\u00e3o&hellip;\n","protected":false},"author":2,"featured_media":160510,"comment_status":"","ping_status":"","sticky":false,"template":"","format":"standard","meta":{"footnotes":""},"categories":[141],"tags":[114,115,149,150,32,33],"class_list":{"0":"post-160509","1":"post","2":"type-post","3":"status-publish","4":"format-standard","5":"has-post-thumbnail","7":"category-musica","8":"tag-entertainment","9":"tag-entretenimento","10":"tag-music","11":"tag-musica","12":"tag-portugal","13":"tag-pt"},"share_on_mastodon":{"url":"https:\/\/pubeurope.com\/@pt\/115589862058403960","error":""},"_links":{"self":[{"href":"https:\/\/www.europesays.com\/pt\/wp-json\/wp\/v2\/posts\/160509","targetHints":{"allow":["GET"]}}],"collection":[{"href":"https:\/\/www.europesays.com\/pt\/wp-json\/wp\/v2\/posts"}],"about":[{"href":"https:\/\/www.europesays.com\/pt\/wp-json\/wp\/v2\/types\/post"}],"author":[{"embeddable":true,"href":"https:\/\/www.europesays.com\/pt\/wp-json\/wp\/v2\/users\/2"}],"replies":[{"embeddable":true,"href":"https:\/\/www.europesays.com\/pt\/wp-json\/wp\/v2\/comments?post=160509"}],"version-history":[{"count":0,"href":"https:\/\/www.europesays.com\/pt\/wp-json\/wp\/v2\/posts\/160509\/revisions"}],"wp:featuredmedia":[{"embeddable":true,"href":"https:\/\/www.europesays.com\/pt\/wp-json\/wp\/v2\/media\/160510"}],"wp:attachment":[{"href":"https:\/\/www.europesays.com\/pt\/wp-json\/wp\/v2\/media?parent=160509"}],"wp:term":[{"taxonomy":"category","embeddable":true,"href":"https:\/\/www.europesays.com\/pt\/wp-json\/wp\/v2\/categories?post=160509"},{"taxonomy":"post_tag","embeddable":true,"href":"https:\/\/www.europesays.com\/pt\/wp-json\/wp\/v2\/tags?post=160509"}],"curies":[{"name":"wp","href":"https:\/\/api.w.org\/{rel}","templated":true}]}}