{"id":160513,"date":"2025-11-21T21:43:14","date_gmt":"2025-11-21T21:43:14","guid":{"rendered":"https:\/\/www.europesays.com\/pt\/160513\/"},"modified":"2025-11-21T21:43:14","modified_gmt":"2025-11-21T21:43:14","slug":"hsm-tem-projeto-aprovado-para-protocolo-inedito-de-diagnostico-e-acompanhamento-do-autismo-em-adultos","status":"publish","type":"post","link":"https:\/\/www.europesays.com\/pt\/160513\/","title":{"rendered":"HSM tem projeto aprovado para protocolo in\u00e9dito de diagn\u00f3stico e acompanhamento do autismo em adultos"},"content":{"rendered":"<p>&#13;<br \/>\n        &#13;<br \/>\n            &#13;<br \/>\n&#13;<br \/>\n            &#13;<br \/>\n&#13;<br \/>\n            &#13;<br \/>\n                <a href=\"\">21 de novembro de 2025 &#8211; 17:01<\/a>&#13;<br \/>\n                                      #<a href=\"https:\/\/www.ceara.gov.br\/tag\/autismo-em-adultos\/\" rel=\"tag nofollow noopener\" target=\"_blank\">Autismo em adultos<\/a> #<a href=\"https:\/\/www.ceara.gov.br\/tag\/funcap\/\" rel=\"tag nofollow noopener\" target=\"_blank\">Funcap<\/a> #<a href=\"https:\/\/www.ceara.gov.br\/tag\/hsm\/\" rel=\"tag nofollow noopener\" target=\"_blank\">HSM<\/a> #<a href=\"https:\/\/www.ceara.gov.br\/tag\/projeto-inedito\/\" rel=\"tag nofollow noopener\" target=\"_blank\">Projeto in\u00e9dito<\/a> &#13;<br \/>\n                            &#13;<br \/>\n&#13;<\/p>\n<p>Milena Fernandes &#8211; Ascom HSM  &#8211; Texto e fotos <br \/>&#13;\n<\/p>\n<p>                &#13;<br \/>\n            &#13;<\/p>\n<p><img fetchpriority=\"high\" decoding=\"async\" class=\"aligncenter wp-image-303127 size-full\" src=\"https:\/\/www.europesays.com\/pt\/wp-content\/uploads\/2025\/11\/unnamed-13.jpg\" alt=\"\" width=\"600\" height=\"450\"\/><\/p>\n<p style=\"text-align: center\">Ambulat\u00f3rio de Autismo para adultos do HSM: novo protocolo vai facilitar diagn\u00f3sticos e tratamentos<\/p>\n<p>O\u00a0Hospital de Sa\u00fade Mental Professor Frota Pinto (HSM), unidade da\u00a0Secretaria da Sa\u00fade do Cear\u00e1 (Sesa), teve um projeto aprovado no edital do\u00a0Programa de Pesquisa para o Sistema \u00danico de Sa\u00fade (PPSUS), promovido pela\u00a0Funda\u00e7\u00e3o Cearense de Apoio ao Desenvolvimento Cient\u00edfico e Tecnol\u00f3gico (Funcap). O estudo trata da constru\u00e7\u00e3o e valida\u00e7\u00e3o de um protocolo de diagn\u00f3stico e acompanhamento multidisciplinar no autismo adulto.<\/p>\n<p>A iniciativa do PPSUS tem como objetivo financiar pesquisas, tecnologias e inova\u00e7\u00f5es em sa\u00fade que contribuam para a melhoria da qualidade de vida da popula\u00e7\u00e3o cearense.<\/p>\n<p>O projeto apresentado pelo HSM foi submetido \u00e0 chamada p\u00fablica em 2024 e aprovado ap\u00f3s as etapas de sele\u00e7\u00e3o previstas no edital. O estudo aprovado vai realizar um projeto-piloto de acompanhamento dos participantes durante um ano. O trabalho ser\u00e1 desenvolvido com pacientes atendidos pelo\u00a0N\u00facleo de Transtorno do Espectro Autista do Adulto (NUTEA-A), servi\u00e7o especializado do HSM.<\/p>\n<p>De acordo com a coordenadora de pesquisa do Centro de Estudos, Aperfei\u00e7oamento e Pesquisa (Ceap) do HSM, Ticihana de Oliveira, que tamb\u00e9m \u00e9 nutricionista do ambulat\u00f3rio de Nutri\u00e7\u00e3o e Transtornos Mentais, os protocolos cl\u00ednicos podem otimizar os tratamentos. \u201cEsse projeto visa estabelecer diretrizes claras e baseadas em evid\u00eancias cient\u00edficas para a identifica\u00e7\u00e3o e o manejo multidisciplinar do\u00a0Transtorno do Espectro Autista (TEA)\u00a0em adultos, uma necessidade ainda pouco explorada\u201d, explica.<\/p>\n<p><img loading=\"lazy\" decoding=\"async\" class=\"aligncenter wp-image-303130 size-full\" src=\"https:\/\/www.europesays.com\/pt\/wp-content\/uploads\/2025\/11\/unnamed-1-5.jpg\" alt=\"\" width=\"600\" height=\"450\"\/><\/p>\n<p style=\"text-align: center\">Com projeto aprovado pela Funcap, profissionais e pesquisadores do HSM se unem para refor\u00e7ar o compromisso da institui\u00e7\u00e3o com a pesquisa e o cuidado humanizado<\/p>\n<p>Poder\u00e3o participar do estudo, os pacientes acompanhados pelo NUTEA-A, com idades entre 18 e 59 anos, que receber\u00e3o diagn\u00f3stico padronizado e acompanhamento multiprofissional durante o per\u00edodo de um ano.<\/p>\n<p>Etapas e cronograma<\/p>\n<p>O processo de constru\u00e7\u00e3o e valida\u00e7\u00e3o do protocolo est\u00e1 previsto para come\u00e7ar entre novembro e dezembro de 2025, enquanto o projeto-piloto ser\u00e1 implementado em 2027.<\/p>\n<p>De acordo com o psic\u00f3logo e coordenador do Servi\u00e7o Ambulatorial do HSM, Wesley Ramos, a identifica\u00e7\u00e3o do autismo em adultos \u00e9 um desafio, j\u00e1 que os sinais podem ser confundidos com outros transtornos ou comportamentos ao longo da vida. Com o novo protocolo, ser\u00e1 poss\u00edvel tornar o diagn\u00f3stico mais preciso e o tratamento mais assertivo no\u00a0Sistema \u00danico de Sa\u00fade (SUS).<\/p>\n<p>\u201cA padroniza\u00e7\u00e3o dos crit\u00e9rios diagn\u00f3sticos, a defini\u00e7\u00e3o de interven\u00e7\u00f5es terap\u00eauticas adequadas e a promo\u00e7\u00e3o de um acompanhamento cont\u00ednuo s\u00e3o fundamentais para melhorar a qualidade de vida dessa popula\u00e7\u00e3o em todos os aspectos da vida\u201d, ressalta Ramos.<\/p>\n<p>Ambulat\u00f3rio de autismo para adultos<\/p>\n<p>O\u00a0Ambulat\u00f3rio para Autistas Adultos do Hospital de Sa\u00fade Mental Professor Frota Pinto (HSM)\u00a0iniciou suas atividades em dezembro de 2023, oferecendo atendimento especializado para pacientes que ainda n\u00e3o possuem um diagn\u00f3stico formal. O principal objetivo do servi\u00e7o \u00e9 realizar essa avalia\u00e7\u00e3o diagn\u00f3stica e, a partir disso, proporcionar um plano de interven\u00e7\u00e3o adequado.<\/p>\n<p>\u201cOs pacientes t\u00eam acesso a acompanhamento m\u00e9dico, atendimento psicol\u00f3gico e participa\u00e7\u00e3o em um Grupo de Treinamento em Habilidades Sociais, uma estrat\u00e9gia essencial para o desenvolvimento da autonomia e da qualidade de vida\u201d, afirma o psic\u00f3logo Wesley Ramos. O tratamento no ambulat\u00f3rio tem dura\u00e7\u00e3o de um ano e busca promover n\u00e3o apenas o diagn\u00f3stico, mas tamb\u00e9m dar suporte e orienta\u00e7\u00f5es para que os pacientes possam compreender melhor suas caracter\u00edsticas e desenvolver estrat\u00e9gias para lidar com os desafios do dia a dia.<\/p>\n<p>O acesso ao ambulat\u00f3rio \u00e9 realizado atrav\u00e9s de agendamento no pr\u00f3prio local com encaminhamento m\u00e9dico.<\/p>\n<p>&#13;<br \/>\n            &#13;<br \/>\n&#13;<br \/>\n&#13;<\/p>\n","protected":false},"excerpt":{"rendered":"&#13; &#13; &#13; &#13; &#13; &#13; &#13; 21 de novembro de 2025 &#8211; 17:01&#13; #Autismo em adultos #Funcap&hellip;\n","protected":false},"author":2,"featured_media":160514,"comment_status":"","ping_status":"","sticky":false,"template":"","format":"standard","meta":{"footnotes":""},"categories":[86],"tags":[1222,1218,1221,1220,1217,1224,1223,1225,1219,116,32,33,117],"class_list":{"0":"post-160513","1":"post","2":"type-post","3":"status-publish","4":"format-standard","5":"has-post-thumbnail","7":"category-saude","8":"tag-aplicativo-ceara","9":"tag-aplicativos","10":"tag-atendimento-online","11":"tag-cagece","12":"tag-ceara-app","13":"tag-corona","14":"tag-corona-virus","15":"tag-covid19","16":"tag-detran","17":"tag-health","18":"tag-portugal","19":"tag-pt","20":"tag-saude"},"share_on_mastodon":{"url":"https:\/\/pubeurope.com\/@pt\/115589874389722524","error":""},"_links":{"self":[{"href":"https:\/\/www.europesays.com\/pt\/wp-json\/wp\/v2\/posts\/160513","targetHints":{"allow":["GET"]}}],"collection":[{"href":"https:\/\/www.europesays.com\/pt\/wp-json\/wp\/v2\/posts"}],"about":[{"href":"https:\/\/www.europesays.com\/pt\/wp-json\/wp\/v2\/types\/post"}],"author":[{"embeddable":true,"href":"https:\/\/www.europesays.com\/pt\/wp-json\/wp\/v2\/users\/2"}],"replies":[{"embeddable":true,"href":"https:\/\/www.europesays.com\/pt\/wp-json\/wp\/v2\/comments?post=160513"}],"version-history":[{"count":0,"href":"https:\/\/www.europesays.com\/pt\/wp-json\/wp\/v2\/posts\/160513\/revisions"}],"wp:featuredmedia":[{"embeddable":true,"href":"https:\/\/www.europesays.com\/pt\/wp-json\/wp\/v2\/media\/160514"}],"wp:attachment":[{"href":"https:\/\/www.europesays.com\/pt\/wp-json\/wp\/v2\/media?parent=160513"}],"wp:term":[{"taxonomy":"category","embeddable":true,"href":"https:\/\/www.europesays.com\/pt\/wp-json\/wp\/v2\/categories?post=160513"},{"taxonomy":"post_tag","embeddable":true,"href":"https:\/\/www.europesays.com\/pt\/wp-json\/wp\/v2\/tags?post=160513"}],"curies":[{"name":"wp","href":"https:\/\/api.w.org\/{rel}","templated":true}]}}