{"id":160515,"date":"2025-11-21T21:48:10","date_gmt":"2025-11-21T21:48:10","guid":{"rendered":"https:\/\/www.europesays.com\/pt\/160515\/"},"modified":"2025-11-21T21:48:10","modified_gmt":"2025-11-21T21:48:10","slug":"professora-brasileira-impedida-de-dar-aulas-em-portugal-governo-vai-analisar-caso","status":"publish","type":"post","link":"https:\/\/www.europesays.com\/pt\/160515\/","title":{"rendered":"Professora brasileira impedida de dar aulas em Portugal. Governo vai analisar caso"},"content":{"rendered":"<p data-remotead-prev-elm=\"true\" data-remotead-elm-id=\"inread\">O caso de Alana Costa foi noticiado na quinta-feira pelo DN Brasil, que revelou que a professora, formada no Brasil, foi despedida em 2023 e impedida de lecionar em Portugal por n\u00e3o lhe ser reconhecida habilita\u00e7\u00e3o profissional. Em causa, estava a falta de um documento que, segundo a DGAE, teria de ser emitido pelo Minist\u00e9rio da Educa\u00e7\u00e3o do Brasil, apesar de o Governo brasileiro conferir \u00e0s institui\u00e7\u00f5es federais de ensino superior autonomia para emitir esse diploma.<\/p>\n<p>Recusado o documento emitido pela Universidade de Bras\u00edlia (UnB), onde se formou, Alana Costa recorreu \u00e0 Embaixada do Brasil em Portugal, op\u00e7\u00e3o que tamb\u00e9m n\u00e3o foi aceite pela DGAE que, mesmo ap\u00f3s decis\u00e3o do Tribunal Administrativo do C\u00edrculo de Lisboa, continuava a n\u00e3o reconhecer a habilita\u00e7\u00e3o profissional.<\/p>\n<p>Questionado sobre o caso, o Minist\u00e9rio da Educa\u00e7\u00e3o esclareceu que &#8220;tomado conhecimento da situa\u00e7\u00e3o, a DGAE foi, de imediato, questionada sobre os procedimentos&#8221;. &#8220;Consequentemente, a DGAE deu, finalmente, cumprimento \u00e0 senten\u00e7a proferida pelo Tribunal Administrativo do C\u00edrculo de Lisboa e concluiu pelo deferimento do reconhecimento da habilita\u00e7\u00e3o profissional da docente&#8221;, refere a tutela na resposta \u00e0 Lusa.<\/p>\n<p>An\u00e1lise aos procedimentos da dire\u00e7\u00e3o-geral<\/p>\n<p data-remotead-prev-elm=\"true\" data-remotead-elm-id=\"centro1\">O minist\u00e9rio acrescenta ainda que foi solicitada uma an\u00e1lise aos procedimentos seguidos pela dire\u00e7\u00e3o-geral, na sequ\u00eancia da qual &#8220;ser\u00e3o retiradas as devidas consequ\u00eancias&#8221;.<\/p>\n<p>Em declara\u00e7\u00f5es \u00e0 Lusa, Alana Costa confirmou que j\u00e1 foi informada da decis\u00e3o, bem como da possibilidade de concorrer ao concurso externo extraordin\u00e1rio, cujo prazo de candidatura termina \u00e0s 23.59 horas desta sexta-feira. &#8220;Estou neste momento em frente ao computador a fazer a candidatura, com os documentos que tenho, e vamos ver no que vai dar&#8221;, disse hoje a professora.<\/p>\n<p>Satisfeita com o desfecho, Alana Costa lamentou, no entanto, os preju\u00edzos que sofreu no \u00faltimo ano.<\/p>\n","protected":false},"excerpt":{"rendered":"O caso de Alana Costa foi noticiado na quinta-feira pelo DN Brasil, que revelou que a professora, formada&hellip;\n","protected":false},"author":2,"featured_media":160516,"comment_status":"","ping_status":"","sticky":false,"template":"","format":"standard","meta":{"footnotes":""},"categories":[10],"tags":[726,27,28,15,16,14,25,26,21,22,619,12,13,19,20,32,23,24,4221,33,17,18,29,30,31],"class_list":{"0":"post-160515","1":"post","2":"type-post","3":"status-publish","4":"format-standard","5":"has-post-thumbnail","7":"category-portugal","8":"tag-brasil","9":"tag-breaking-news","10":"tag-breakingnews","11":"tag-featured-news","12":"tag-featurednews","13":"tag-headlines","14":"tag-latest-news","15":"tag-latestnews","16":"tag-main-news","17":"tag-mainnews","18":"tag-nacional","19":"tag-news","20":"tag-noticias","21":"tag-noticias-principais","22":"tag-noticiasprincipais","23":"tag-portugal","24":"tag-principais-noticias","25":"tag-principaisnoticias","26":"tag-professores","27":"tag-pt","28":"tag-top-stories","29":"tag-topstories","30":"tag-ultimas","31":"tag-ultimas-noticias","32":"tag-ultimasnoticias"},"share_on_mastodon":{"url":"https:\/\/pubeurope.com\/@pt\/115589893548950083","error":""},"_links":{"self":[{"href":"https:\/\/www.europesays.com\/pt\/wp-json\/wp\/v2\/posts\/160515","targetHints":{"allow":["GET"]}}],"collection":[{"href":"https:\/\/www.europesays.com\/pt\/wp-json\/wp\/v2\/posts"}],"about":[{"href":"https:\/\/www.europesays.com\/pt\/wp-json\/wp\/v2\/types\/post"}],"author":[{"embeddable":true,"href":"https:\/\/www.europesays.com\/pt\/wp-json\/wp\/v2\/users\/2"}],"replies":[{"embeddable":true,"href":"https:\/\/www.europesays.com\/pt\/wp-json\/wp\/v2\/comments?post=160515"}],"version-history":[{"count":0,"href":"https:\/\/www.europesays.com\/pt\/wp-json\/wp\/v2\/posts\/160515\/revisions"}],"wp:featuredmedia":[{"embeddable":true,"href":"https:\/\/www.europesays.com\/pt\/wp-json\/wp\/v2\/media\/160516"}],"wp:attachment":[{"href":"https:\/\/www.europesays.com\/pt\/wp-json\/wp\/v2\/media?parent=160515"}],"wp:term":[{"taxonomy":"category","embeddable":true,"href":"https:\/\/www.europesays.com\/pt\/wp-json\/wp\/v2\/categories?post=160515"},{"taxonomy":"post_tag","embeddable":true,"href":"https:\/\/www.europesays.com\/pt\/wp-json\/wp\/v2\/tags?post=160515"}],"curies":[{"name":"wp","href":"https:\/\/api.w.org\/{rel}","templated":true}]}}