{"id":160517,"date":"2025-11-21T21:50:16","date_gmt":"2025-11-21T21:50:16","guid":{"rendered":"https:\/\/www.europesays.com\/pt\/160517\/"},"modified":"2025-11-21T21:50:16","modified_gmt":"2025-11-21T21:50:16","slug":"relembre-a-condenacao-por-estupro-de-robinho-ex-astro-que-vai-estar-na-nova-temporada-de-tremembe","status":"publish","type":"post","link":"https:\/\/www.europesays.com\/pt\/160517\/","title":{"rendered":"Relembre a condena\u00e7\u00e3o por estupro de Robinho, ex-astro que vai estar na nova temporada de Trememb\u00e9"},"content":{"rendered":"<p>DA FAMA \u00c0 CADEIA<\/p>\n<ul class=\"image-container flex flex-wrap list-none gap-2\">\n<li class=\"image-item flex flex-row justify-center items-center\">\n<p><img decoding=\"async\" src=\"https:\/\/www.europesays.com\/pt\/wp-content\/uploads\/2025\/11\/carol-neves-1996875.jpg\" width=\"45px\" height=\"45px\" alt=\"Foto do(a) author(a) Carol Neves\" class=\"relative w-full z-20\"\/><\/p>\n<\/li>\n<\/ul>\n<p>\nPublicado em 21 de novembro de 2025 \u00e0s 15:46\n<\/p>\n<p><img fetchpriority=\"high\" decoding=\"async\" loading=\"eager\" src=\"https:\/\/www.europesays.com\/pt\/wp-content\/uploads\/2025\/11\/robinho-aguarda-decisao-do-stf-sobre-o-crime-de-estupro-que-ocorreu-em-2013-na-italia-2048755-articl.png\" width=\"600\" height=\"400\" alt=\"Robinho aguarda decis\u00e3o do STF sobre o crime de estupro que ocorreu em 2013, na It\u00e1lia\" class=\"w-full h-auto\"\/><\/p>\n<p>Robinho aguarda decis\u00e3o do STF sobre o crime de estupro que ocorreu em 2013, na It\u00e1lia Cr\u00e9dito: Reprodu\u00e7\u00e3o\/ TV Record<\/p>\n<p id=\"paragrafo-5w99fsz2ge\">\nRobson de Souza, mais conhecido como Robinho, volta a figurar nas p\u00e1ginas de not\u00edcias com for\u00e7a renovada: o ex-jogador \u00e9 confirmado como um dos personagens da\u00a0<a href=\"https:\/\/www.correio24horas.com.br\/em-alta\/tremembe-e-renovada-pelo-prime-video-para-segunda-temporada-apos-sucesso-estrondoso-1125\" class=\"link\" target=\"_blank\" rel=\"nofollow noopener\"><b>segunda temporada da s\u00e9rie Trememb\u00e9, do Prime Video.<\/b><\/a>\u00a0A penitenci\u00e1ria de Trememb\u00e9 fica no centro de sua trajet\u00f3ria judicial recente &#8211; e \u00e9 justamente esse ambiente que ser\u00e1 retratado novamente pela produ\u00e7\u00e3o. &gt;\n<\/p>\n<p id=\"paragrafo-msljd28h1e\">\nEm janeiro de 2013, quando defendia o Milan, Robinho e mais cinco homens estupraram uma jovem albanesa em uma casa noturna de Mil\u00e3o, segundo a decis\u00e3o judicial. A acusa\u00e7\u00e3o aponta que o grupo ofereceu bebida \u00e0 v\u00edtima at\u00e9 que ela ficasse t\u00e3o embriagada que perdeu a consci\u00eancia, tornando-se incapaz de resistir.&gt;\n<\/p>\n<p id=\"paragrafo-ljf3iqjx21\">\nA investiga\u00e7\u00e3o italiana apontou que, ap\u00f3s ela se embebedar, os envolvidos a levaram para o vesti\u00e1rio do clube Sio Caf\u00e9, onde \u201cm\u00faltiplas rela\u00e7\u00f5es sexuais\u201d ocorreram, conforme registrado na senten\u00e7a.\u00a0A Justi\u00e7a italiana considerou agravante o fato de terem explorado a \u201ccondi\u00e7\u00e3o de inferioridade ps\u00edquica e f\u00edsica\u201d da v\u00edtima, segundo o tribunal, e ainda ter-lhe dado bebida para garantir que ela n\u00e3o reagisse.&gt;\n<\/p>\n<p id=\"paragrafo-nhw23kd06t\">\nEm 2017, a nona se\u00e7\u00e3o do Tribunal de Mil\u00e3o condenou Robinho a nove anos de pris\u00e3o, junto com Ricardo Falco,amigo dele, por \u201cviol\u00eancia sexual em grupo\u201d.\u00a0A decis\u00e3o se baseou n\u00e3o apenas no depoimento da v\u00edtima, mas tamb\u00e9m em conversas interceptadas pela pol\u00edcia, autorizadas pela Justi\u00e7a italiana.\u00a0Essas grava\u00e7\u00f5es, segundo os ju\u00edzes, mostraram uma postura de desd\u00e9m por parte de Robinho em rela\u00e7\u00e3o \u00e0 v\u00edtima.&gt;\n<\/p>\n<p id=\"paragrafo-0xzxrkjz7g\">\nA Corte de Apela\u00e7\u00e3o de Mil\u00e3o confirmou a condena\u00e7\u00e3o em 2020, mantendo os nove anos de pena e uma indeniza\u00e7\u00e3o de cerca de \u20ac 60 mil para a v\u00edtima.\u00a0Por fim, a Suprema Corte da It\u00e1lia (Corte de Cassa\u00e7\u00e3o) rejeitou os recursos da defesa, e a senten\u00e7a transitou em julgado em 2022.&gt;\n<\/p>\n<p id=\"paragrafo-9wgfsuugx6\">\nRobinho sempre negou o crime, mas suas vers\u00f5es foram rejeitadas pela Justi\u00e7a italiana, que considerou as provas, depoimentos e intercepta\u00e7\u00f5es telef\u00f4nicas suficientes para conden\u00e1-lo por viol\u00eancia sexual em grupo. O tribunal apontou contradi\u00e7\u00f5es nos relatos do ex-jogador e destacou que as mensagens trocadas entre os envolvidos refor\u00e7avam a participa\u00e7\u00e3o dele no epis\u00f3dio, levando \u00e0 pena definitiva ap\u00f3s decis\u00f5es em tr\u00eas inst\u00e2ncias.&gt;\n<\/p>\n<p id=\"paragrafo-gjv0vgdc3r\">\nRobinho voltou para o Brasil e chegou a fechar contrato com o Santos enquanto o caso se desenrolava nos tribunais. Em outubro de 2020, o clube anunciou a suspens\u00e3o do contrato. Como o Brasil n\u00e3o costuma extraditar seus cidad\u00e3os, a It\u00e1lia solicitou que a pena de Robinho fosse cumprida em solo brasileiro &#8211; o que foi aceito pelo Superior Tribunal de Justi\u00e7a (STJ). &gt;\n<\/p>\n<p id=\"paragrafo-n4utvygkw6\">\n Em mar\u00e7o de 2024, Robinho foi preso pela Pol\u00edcia Federal em Santos e ent\u00e3o encaminhado \u00e0 Penitenci\u00e1ria II de Trememb\u00e9, no interior de S\u00e3o Paulo.\u00a0Nos primeiros dias na pris\u00e3o, ele passou por per\u00edodo de adapta\u00e7\u00e3o em isolamento, segundo a Secretaria de Administra\u00e7\u00e3o Penitenci\u00e1ria.&gt;\n<\/p>\n<p id=\"paragrafo-nyxl28huqf\">\n Ap\u00f3s esse momento inicial, foi levado para uma cela comum &#8211; de apenas 8 m\u00b2 &#8211; e chegou a participar de partidas de futebol com outros detentos.\u00a0A defesa do ex-jogador recorreu ao Supremo Tribunal Federal (STF), mas teve um pedido de habeas corpus rejeitado.&gt;\n<\/p>\n<p id=\"paragrafo-1k1javma8j\">\n Al\u00e9m disso, em setembro de 2025, o STJ negou recurso que pedia redu\u00e7\u00e3o da pena ou regime mais brando, mantendo os nove anos de pris\u00e3o. &gt;\n<\/p>\n<p id=\"paragrafo-ghd03hosk6\">\nEm meados de novembro de 2025, Robinho foi transferido da Penitenci\u00e1ria de Trememb\u00e9 para o Centro de Ressocializa\u00e7\u00e3o de Limeira, tamb\u00e9m em S\u00e3o Paulo.\u00a0A troca ocorreu ap\u00f3s um pedido da defesa, e a movimenta\u00e7\u00e3o repercutiu nas redes -especialmente porque Trememb\u00e9 ficou ainda mais vis\u00edvel com a confirma\u00e7\u00e3o da nova temporada da s\u00e9rie.&gt;<\/p>\n","protected":false},"excerpt":{"rendered":"DA FAMA \u00c0 CADEIA Publicado em 21 de novembro de 2025 \u00e0s 15:46 Robinho aguarda decis\u00e3o do STF&hellip;\n","protected":false},"author":2,"featured_media":160518,"comment_status":"","ping_status":"","sticky":false,"template":"","format":"standard","meta":{"footnotes":""},"categories":[145],"tags":[211,210,114,115,32,33],"class_list":{"0":"post-160517","1":"post","2":"type-post","3":"status-publish","4":"format-standard","5":"has-post-thumbnail","7":"category-celebridades","8":"tag-celebridades","9":"tag-celebrities","10":"tag-entertainment","11":"tag-entretenimento","12":"tag-portugal","13":"tag-pt"},"share_on_mastodon":{"url":"https:\/\/pubeurope.com\/@pt\/115589901682440978","error":""},"_links":{"self":[{"href":"https:\/\/www.europesays.com\/pt\/wp-json\/wp\/v2\/posts\/160517","targetHints":{"allow":["GET"]}}],"collection":[{"href":"https:\/\/www.europesays.com\/pt\/wp-json\/wp\/v2\/posts"}],"about":[{"href":"https:\/\/www.europesays.com\/pt\/wp-json\/wp\/v2\/types\/post"}],"author":[{"embeddable":true,"href":"https:\/\/www.europesays.com\/pt\/wp-json\/wp\/v2\/users\/2"}],"replies":[{"embeddable":true,"href":"https:\/\/www.europesays.com\/pt\/wp-json\/wp\/v2\/comments?post=160517"}],"version-history":[{"count":0,"href":"https:\/\/www.europesays.com\/pt\/wp-json\/wp\/v2\/posts\/160517\/revisions"}],"wp:featuredmedia":[{"embeddable":true,"href":"https:\/\/www.europesays.com\/pt\/wp-json\/wp\/v2\/media\/160518"}],"wp:attachment":[{"href":"https:\/\/www.europesays.com\/pt\/wp-json\/wp\/v2\/media?parent=160517"}],"wp:term":[{"taxonomy":"category","embeddable":true,"href":"https:\/\/www.europesays.com\/pt\/wp-json\/wp\/v2\/categories?post=160517"},{"taxonomy":"post_tag","embeddable":true,"href":"https:\/\/www.europesays.com\/pt\/wp-json\/wp\/v2\/tags?post=160517"}],"curies":[{"name":"wp","href":"https:\/\/api.w.org\/{rel}","templated":true}]}}