{"id":160521,"date":"2025-11-21T21:54:11","date_gmt":"2025-11-21T21:54:11","guid":{"rendered":"https:\/\/www.europesays.com\/pt\/160521\/"},"modified":"2025-11-21T21:54:11","modified_gmt":"2025-11-21T21:54:11","slug":"fotos-exclusivas-show-e-carinho-dos-fas-brasileiros","status":"publish","type":"post","link":"https:\/\/www.europesays.com\/pt\/160521\/","title":{"rendered":"Fotos Exclusivas, Show e Carinho dos F\u00e3s Brasileiros"},"content":{"rendered":"<p>\n                        Se os f\u00e3s da cantora anglo-albanesa j\u00e1 solicitavam CPF para ela, agora at\u00e9 a rebatizaram como um nome bem brasileiro\n                    <\/p>\n<ul class=\"article__header__author\">\n<li class=\"article__header__author__item\">\n                                                                                    <img loading=\"lazy\" decoding=\"async\" src=\"https:\/\/www.europesays.com\/pt\/wp-content\/uploads\/2025\/11\/microsoftteams-image-(23)-1jy7orqt0u4hi.png\" width=\"32\" height=\"32\" title=\"Reda\u00e7\u00e3o Terra\" alt=\"Reda\u00e7\u00e3o Terra\" class=\"author-picture\"\/><br \/>\n                                                                            Por:<br \/>\n                                                                                    Reda\u00e7\u00e3o Terra\n                                                                        <\/li>\n<\/ul>\n<p>\n                                                                                                                                                                                                                            21 nov<br \/>\n                                    2025<br \/>\n                                     &#8211; 17h11\n                                <\/p>\n<p>\n                                                                                                            (atualizado \u00e0s 18h02)\n                                                                    <\/p>\n<p>\n                        <b style=\"margin-bottom: 8px; display: inline-block;\">Resumo<\/b><br \/>Dua Lipa compartilhou momentos de sua estadia no Rio de Janeiro, onde foi apelidada de &#8220;Eduarda Felipa&#8221; pelos f\u00e3s e se declarou encantada pela cidade; a cantora se apresenta neste s\u00e1bado na Farmasi Arena.\n                    <\/p>\n<p><img loading=\"lazy\" decoding=\"async\" alt=\"Dua Lipa curtiu tanto o Rio que ganhou novo nome: Eduarda Felipe\" class=\"img-be7f67bc43a7178af0c489bbdb5a8b1bubwfyqea\" height=\"581\" src=\"https:\/\/www.europesays.com\/pt\/wp-content\/uploads\/2025\/11\/dua-lipa-eduarda-felipe-rio-de-janeiro-urumnrfc9anl.jpg\"  title=\"Dua Lipa curtiu tanto o Rio que ganhou novo nome: Eduarda Felipe\" width=\"774\"\/><\/p>\n<p>Dua Lipa curtiu tanto o Rio que ganhou novo nome: Eduarda Felipe<\/p>\n<p>Foto: Reprodu\u00e7\u00e3o\/Instagram\/dualipa<\/p>\n<p class=\"text\">Nesta sexta-feira, 21, <a href=\"https:\/\/www.terra.com.br\/vida-e-estilo\/autocuidado\/moda\/com-sato-dua-lipa-usa-truque-de-estilo-com-camisa-branca-no-rio,0b642974cac4d17ed55c81bd91e9fa36t5ieag12.html\" target=\"_blank\" rel=\"nofollow noopener\">a cantora Dua Lipa<\/a> compartilhou no Instagram uma s\u00e9rie de fotos clicadas durante a estadia dela no Rio de Janeiro. E se durante essa trajet\u00f3ria os f\u00e3s j\u00e1 solicitavam um CPF para a artista anglo-albanesa, agora at\u00e9 a rebatizaram para \u201cEduarda Felipa\u201d.<\/p>\n<blockquote>\n<\/blockquote>\n<p class=\"text\">\u201cRio no meu cora\u00e7\u00e3o\u201d, se declarou Dua Lipa, na legenda da publica\u00e7\u00e3o.<\/p>\n<p class=\"text\">Nas imagens, quando n\u00e3o est\u00e1 sozinha, aparece cercada de familiares, amigos e m\u00fasicos \u2014 aparentemente t\u00e3o entusiasmados com a viagem quanto ela.<\/p>\n<p class=\"text\">As mem\u00f3rias fotogr\u00e1ficas, inclusive, d\u00e3o conta do <a href=\"https:\/\/www.terra.com.br\/diversao\/gente\/dua-lipa-joga-baralho-e-come-barriga-de-porco-em-bar-na-zona-sul-do-rio-de-janeiro,034868bd0bc658050796a7683cb2cd921my6jd5f.html\" target=\"_blank\" rel=\"nofollow noopener\">jogo de cartas que disputou com o pai<\/a>,\u00a0Dukagjin Lipa, e outros parentes em um bar de Botafogo, na Zona Sul.<\/p>\n<ul class=\"t360-gallery__container__main--carousel--slider\" data-count=\"1\">\n<li class=\"t360-gallery__container__main--carousel--slider--item\" data-id=\"e4503166bf3ead062e5901a62e82f10ffv3hldxm\">\n<p>\n                            Dua Lipa se jogou nos rol\u00eas durante estadia no Rio de Janeiro\n                        <\/p>\n<p>Foto: Reprodu\u00e7\u00e3o\/Instagram\/dualipa<\/p>\n<\/li>\n<li class=\"t360-gallery__container__main--carousel--slider--item\" data-id=\"9c2c12fd68dc87da04c292f428981d7dfq38yhei\">\n<p>\n                            A cantora anglo-albanesa acertou no look para curtir o sol carioca\n                        <\/p>\n<p>Foto: Reprodu\u00e7\u00e3o\/Instagram\/dualipa<\/p>\n<\/li>\n<li class=\"t360-gallery__container__main--carousel--slider--item\" data-id=\"768cccddbb99fc413cf55a76b0bfbf398z3ix6ab\">\n<p>\n                            Dua Lipa n\u00e3o perdeu a oportunidade de assistir a um jogo no Maracan\u00e3\n                        <\/p>\n<p>Foto: Reprodu\u00e7\u00e3o\/Instagram\/dualipa<\/p>\n<\/li>\n<li class=\"t360-gallery__container__main--carousel--slider--item\" data-id=\"2c3e8ac12a60c83f2c295ccf3b241d84ergk1org\">\n<p>\n                            Ao lado de amigos e familiares, a cantora tam\u00e9m aproveitou os bares da cidade\n                        <\/p>\n<p>Foto: Reprodu\u00e7\u00e3o\/Instagram\/dualipa<\/p>\n<\/li>\n<li class=\"t360-gallery__container__main--carousel--slider--item\" data-id=\"1926e7e7f1dcb7a14fe854d9dfebbaaa1secnuj7\">\n<p>\n                            Dua Lipa tamb\u00e9m fez quest\u00e3o de visitar o Cristo Redentor\n                        <\/p>\n<p>Foto: Reprodu\u00e7\u00e3o\/Instagram\/dualipa<\/p>\n<\/li>\n<li class=\"t360-gallery__container__main--carousel--slider--item t360-gallery__container__main--carousel--slider--ad\">\n<\/li>\n<li class=\"t360-gallery__container__main--carousel--slider--item\" data-id=\"aa06d148942b895c2ec1c195dc94fbf8r4uwc9xj\">\n<p>\n                            A cantora sabe aproveitar uma boa vita, n\u00e3o?\n                        <\/p>\n<p>Foto: Reprodu\u00e7\u00e3o\/Instagram\/dualipa<\/p>\n<\/li>\n<li class=\"t360-gallery__container__main--carousel--slider--item\" data-id=\"302ee151174e591464b154883a4bc8d3ne2e82og\">\n<p>\n                            Dua Lipa aprova a culin\u00e1ria carioca-brasileira!\n                        <\/p>\n<p>Foto: Reprodu\u00e7\u00e3o\/Instagram\/dualipa<\/p>\n<\/li>\n<li class=\"t360-gallery__container__main--carousel--slider--item\" data-id=\"c15b12edb7a1dafec80f5825fd8c33c4q6uw6rp3\">\n<p>\n                            A cantora aprendeu que, se tem bar e fam\u00edlia, tamb\u00e9m tem baralho\n                        <\/p>\n<p>Foto: Reprodu\u00e7\u00e3o\/Instagram\/dualipa<\/p>\n<\/li>\n<li class=\"t360-gallery__container__main--carousel--slider--item\" data-id=\"104cf36b4bf8cde3fd142ad117615245gsfh0jl9\">\n<p>\n                            Dua Lipa n\u00e3o economizou look para &#8216;desfilar&#8217; pela Cidade Maravilhosa\n                        <\/p>\n<p>Foto: Reprodu\u00e7\u00e3o\/Instagram\/dualipa<\/p>\n<\/li>\n<li class=\"t360-gallery__container__main--carousel--slider--item\" data-id=\"4241f74da756bc06f8e379366abb0baeap76u8ji\">\n<p>\n                            Ao lado da irm\u00e3, a cantora tomou sol na cobertura do hotel onde est\u00e1 hospedada\n                        <\/p>\n<p>Foto: Reprodu\u00e7\u00e3o\/Instagram\/dualipa<\/p>\n<\/li>\n<li class=\"t360-gallery__container__main--carousel--slider--item t360-gallery__container__main--carousel--slider--ad\">\n<\/li>\n<li class=\"t360-gallery__container__main--carousel--slider--item\" data-id=\"eb646090335d32db0fe2fdbe1b45c501dtu7xggz\">\n<p>\n                            J\u00e1 falamos sobre os look de Dua Lipa? Mas, falaremos de novo: ela arrasa!\n                        <\/p>\n<p>Foto: Reprodu\u00e7\u00e3o\/Instagram\/dualipa<\/p>\n<\/li>\n<li class=\"t360-gallery__container__main--carousel--slider--item\" data-id=\"b9a4dbe6926913dcaf56fa27b3ecff9fsywhjioq\">\n<p>\n                            Foto para porta-retrato, fica a dica para a nossa querida Eduarda Filipa!\n                        <\/p>\n<p>Foto: Reprodu\u00e7\u00e3o\/Instagram\/dualipa<\/p>\n<\/li>\n<li class=\"t360-gallery__container__main--carousel--slider--item\" data-id=\"e749b88fe068dff5a80cfe6242f5840evs6xw2si\">\n<p>\n                            Com base nesta foto, algu\u00e9m falaria que Dua Lipa n\u00e3o \u00e9 brasileira?\n                        <\/p>\n<p>Foto: Reprodu\u00e7\u00e3o\/Instagram\/dualipa<\/p>\n<\/li>\n<li class=\"t360-gallery__container__main--carousel--slider--item\" data-id=\"55581c27c1a9fde04895ae5c990d8a00lirg63iz\">\n<p>\n                            Cantora posa sobre o Cristo Redentor\n                        <\/p>\n<p>Foto: Reprodu\u00e7\u00e3o\/Instagram\/dualipa<\/p>\n<\/li>\n<li class=\"t360-gallery__container__main--carousel--slider--item\" data-id=\"5f62ad110d58a7e0ec227721508f25bcdzkwu0ze\">\n<p>\n                            Dua Lipa jogando carteado em bar\n                        <\/p>\n<p>Foto: Reprodu\u00e7\u00e3o\/Instagram\/dualipa<\/p>\n<\/li>\n<li class=\"t360-gallery__container__main--carousel--slider--item t360-gallery__container__main--carousel--slider--ad\">\n<\/li>\n<li class=\"t360-gallery__container__main--carousel--slider--item\" data-id=\"ae4908392d3a325b87fadf078c69edc7up1to34c\">\n<p>\n                            Se a foto foi posada, a cantora acertou. Se n\u00e3o foi, tamb\u00e9m!\n                        <\/p>\n<p>Foto: Reprodu\u00e7\u00e3o\/Instagram\/dualipa<\/p>\n<\/li>\n<li class=\"t360-gallery__container__main--carousel--slider--item\" data-id=\"8a7c873f838d407031d9dff8f1d4587b4h9aahto\">\n<p>\n                            Ser\u00e1 que Dua Lipa ganhou no baralho?\n                        <\/p>\n<p>Foto: Reprodu\u00e7\u00e3o\/Instagram\/dualipa<\/p>\n<\/li>\n<li class=\"t360-gallery__container__main--carousel--slider--item\" data-id=\"640074b42c8a13e23d8413636f83d4c3ejsk25m8\">\n<p>\n                            Est\u00e1 provado: Eduarda Felipa \u00e9 a Rainha dos Rol\u00eas do Rio de Janeiro\n                        <\/p>\n<p>Foto: Reprodu\u00e7\u00e3o\/Instagram\/dualipa<\/p>\n<\/li>\n<\/ul>\n<p class=\"text\">Outro destaque fica por conta do clique no qual a cantora posa ao lado da irm\u00e3 tomando sol na cobertura do hotel onde est\u00e3o hospedadas.<\/p>\n<p class=\"text\">Dua Lipa desembarcou no Brasil na semana passada, quando realizou show <a href=\"https:\/\/www.terra.com.br\/diversao\/musica\/com-show-completo-em-sp-dua-lipa-prova-que-o-brasil-merece-mais,6a6882a6c0d88c7d86265889d8457001997r7az6.html\" target=\"_blank\" rel=\"nofollow noopener\">no Morumbis, em S\u00e3o Paulo<\/a>. No Rio, onde chegou h\u00e1 alguns, por\u00e9m proveitosos dias, ela se apresenta neste s\u00e1bado, 22,\u00a0na \u00e1rea externa da Farmasi Arena, na Zona Sudoeste.<\/p>\n<p>Dua Lipa: relembre 8 looks da cantora no Brasil:<\/p>\n<p><img alt=\"\" decoding=\"async\" height=\"364\" loading=\"lazy\" src=\"https:\/\/www.europesays.com\/pt\/wp-content\/uploads\/2025\/11\/roteiro-elas-no-tapete-vermelho-(72)-sobsj9v30g8j.jpg\" width=\"648\"\/><\/p>\n","protected":false},"excerpt":{"rendered":"Se os f\u00e3s da cantora anglo-albanesa j\u00e1 solicitavam CPF para ela, agora at\u00e9 a rebatizaram como um nome&hellip;\n","protected":false},"author":2,"featured_media":160522,"comment_status":"","ping_status":"","sticky":false,"template":"","format":"standard","meta":{"footnotes":""},"categories":[141],"tags":[114,115,149,150,32,33],"class_list":{"0":"post-160521","1":"post","2":"type-post","3":"status-publish","4":"format-standard","5":"has-post-thumbnail","7":"category-musica","8":"tag-entertainment","9":"tag-entretenimento","10":"tag-music","11":"tag-musica","12":"tag-portugal","13":"tag-pt"},"share_on_mastodon":{"url":"https:\/\/pubeurope.com\/@pt\/115589917362501803","error":""},"_links":{"self":[{"href":"https:\/\/www.europesays.com\/pt\/wp-json\/wp\/v2\/posts\/160521","targetHints":{"allow":["GET"]}}],"collection":[{"href":"https:\/\/www.europesays.com\/pt\/wp-json\/wp\/v2\/posts"}],"about":[{"href":"https:\/\/www.europesays.com\/pt\/wp-json\/wp\/v2\/types\/post"}],"author":[{"embeddable":true,"href":"https:\/\/www.europesays.com\/pt\/wp-json\/wp\/v2\/users\/2"}],"replies":[{"embeddable":true,"href":"https:\/\/www.europesays.com\/pt\/wp-json\/wp\/v2\/comments?post=160521"}],"version-history":[{"count":0,"href":"https:\/\/www.europesays.com\/pt\/wp-json\/wp\/v2\/posts\/160521\/revisions"}],"wp:featuredmedia":[{"embeddable":true,"href":"https:\/\/www.europesays.com\/pt\/wp-json\/wp\/v2\/media\/160522"}],"wp:attachment":[{"href":"https:\/\/www.europesays.com\/pt\/wp-json\/wp\/v2\/media?parent=160521"}],"wp:term":[{"taxonomy":"category","embeddable":true,"href":"https:\/\/www.europesays.com\/pt\/wp-json\/wp\/v2\/categories?post=160521"},{"taxonomy":"post_tag","embeddable":true,"href":"https:\/\/www.europesays.com\/pt\/wp-json\/wp\/v2\/tags?post=160521"}],"curies":[{"name":"wp","href":"https:\/\/api.w.org\/{rel}","templated":true}]}}