{"id":160525,"date":"2025-11-21T21:57:16","date_gmt":"2025-11-21T21:57:16","guid":{"rendered":"https:\/\/www.europesays.com\/pt\/160525\/"},"modified":"2025-11-21T21:57:16","modified_gmt":"2025-11-21T21:57:16","slug":"cuiaba-registra-queda-nas-notificacoes-de-dengue-noticias","status":"publish","type":"post","link":"https:\/\/www.europesays.com\/pt\/160525\/","title":{"rendered":"Cuiab\u00e1 registra queda nas notifica\u00e7\u00f5es de Dengue | Not\u00edcias"},"content":{"rendered":"<p style=\"text-align: justify;\">A Secretaria Municipal de Sa\u00fade de Cuiab\u00e1 divulgou, nesta sexta-feira (21), o Boletim Epidemiol\u00f3gico da Semana 46 de 2025, que aponta estabilidade no cen\u00e1rio das arboviroses na capital. No per\u00edodo, foram registrados tr\u00eas casos de Dengue, um de Chikungunya e dois de Zika, n\u00fameros considerados dentro do padr\u00e3o esperado para esta \u00e9poca do ano.<\/p>\n<p style=\"text-align: justify;\">Em rela\u00e7\u00e3o ao mesmo per\u00edodo de 2024, Cuiab\u00e1 apresentou redu\u00e7\u00e3o de 26,1% nos casos de Dengue. Em contrapartida, a Chikungunya registrou aumento expressivo: 1.190% no acumulado do ano, o que mant\u00e9m as equipes de vigil\u00e2ncia em aten\u00e7\u00e3o constante.<\/p>\n<p style=\"text-align: justify;\">Ao longo de 2025, o munic\u00edpio contabiliza 1.201 casos aut\u00f3ctones de Dengue, com incid\u00eancia de 175,8 por 100 mil habitantes. A Chikungunya soma 8.509 casos aut\u00f3ctones, alcan\u00e7ando incid\u00eancia de 1.245,9 por 100 mil habitantes. J\u00e1 a Zika segue com baixa circula\u00e7\u00e3o, com dez casos notificados no ano \u2014 sete confirmados.\u00a0<\/p>\n<p style=\"text-align: justify;\">As equipes do munic\u00edpio seguem com as a\u00e7\u00f5es intensificadas em todas as regi\u00f5es da capital. Desde janeiro, foram vistoriados 945.211 im\u00f3veis e mais de 99 mil resid\u00eancias receberam tratamento. Os agentes tamb\u00e9m trataram 112.524 dep\u00f3sitos com focos do mosquito Aedes aegypti e eliminaram outros 14.588.<\/p>\n<p style=\"text-align: justify;\">A secret\u00e1ria municipal de Sa\u00fade, Danielle Carmona, refor\u00e7a a import\u00e2ncia da preven\u00e7\u00e3o.<\/p>\n<p style=\"text-align: justify;\">\u201cMesmo com o cen\u00e1rio dentro do esperado, n\u00e3o podemos baixar a guarda. O mosquito se prolifera muito r\u00e1pido e depende exclusivamente da \u00e1gua parada para sobreviver. Cada morador tem um papel fundamental neste combate. As equipes da Prefeitura est\u00e3o atuando diariamente, mas \u00e9 no cuidado dentro de casa que conseguimos reduzir de fato os riscos\u201d, afirma.<\/p>\n<p style=\"text-align: justify;\">Danielle tamb\u00e9m lembra que a vacina\u00e7\u00e3o contra a Dengue est\u00e1 dispon\u00edvel para crian\u00e7as de 10 a 14 anos e refor\u00e7a a necessidade de procurar atendimento m\u00e9dico ao surgirem sintomas suspeitos, evitando a automedica\u00e7\u00e3o.<\/p>\n<p style=\"text-align: justify;\">O levantamento aponta ainda melhora no risco por regi\u00f5es: a Regi\u00e3o Sul caiu de alto para m\u00e9dio risco, enquanto a Regi\u00e3o Leste reduziu de alto para baixo risco.<\/p>\n<p style=\"text-align: justify;\">A Prefeitura refor\u00e7a que o combate ao Aedes aegypti \u00e9 uma responsabilidade compartilhada. A entrada dos agentes de endemias nos im\u00f3veis \u00e9 essencial para que o trabalho seja completo e efetivo.<\/p>\n<p style=\"text-align: justify;\">\u201cOs agentes de endemias est\u00e3o devidamente identificados e capacitados para realizar o servi\u00e7o. A colabora\u00e7\u00e3o dos moradores \u00e9 essencial para que o trabalho alcance todos os im\u00f3veis e possamos reduzir o risco de transmiss\u00e3o das doen\u00e7as\u201d, destaca a secret\u00e1ria Danielle Carmona.<\/p>\n<p style=\"text-align: justify;\">A Secretaria de Sa\u00fade refor\u00e7a ainda a campanha \u201c10 Minutos contra o Aedes\u201d, que incentiva cada cidad\u00e3o a reservar dez minutos semanais para vistoriar sua resid\u00eancia ou local de trabalho, eliminando poss\u00edveis criadouros.<\/p>\n","protected":false},"excerpt":{"rendered":"A Secretaria Municipal de Sa\u00fade de Cuiab\u00e1 divulgou, nesta sexta-feira (21), o Boletim Epidemiol\u00f3gico da Semana 46 de&hellip;\n","protected":false},"author":2,"featured_media":13657,"comment_status":"","ping_status":"","sticky":false,"template":"","format":"standard","meta":{"footnotes":""},"categories":[86],"tags":[3532,539,116,5579,5578,32,3046,33,117],"class_list":{"0":"post-160525","1":"post","2":"type-post","3":"status-publish","4":"format-standard","5":"has-post-thumbnail","7":"category-saude","8":"tag-cuiaba","9":"tag-educacao","10":"tag-health","11":"tag-infraestrutura","12":"tag-mato-grosso","13":"tag-portugal","14":"tag-prefeitura","15":"tag-pt","16":"tag-saude"},"share_on_mastodon":{"url":"https:\/\/pubeurope.com\/@pt\/115589928937817818","error":""},"_links":{"self":[{"href":"https:\/\/www.europesays.com\/pt\/wp-json\/wp\/v2\/posts\/160525","targetHints":{"allow":["GET"]}}],"collection":[{"href":"https:\/\/www.europesays.com\/pt\/wp-json\/wp\/v2\/posts"}],"about":[{"href":"https:\/\/www.europesays.com\/pt\/wp-json\/wp\/v2\/types\/post"}],"author":[{"embeddable":true,"href":"https:\/\/www.europesays.com\/pt\/wp-json\/wp\/v2\/users\/2"}],"replies":[{"embeddable":true,"href":"https:\/\/www.europesays.com\/pt\/wp-json\/wp\/v2\/comments?post=160525"}],"version-history":[{"count":0,"href":"https:\/\/www.europesays.com\/pt\/wp-json\/wp\/v2\/posts\/160525\/revisions"}],"wp:featuredmedia":[{"embeddable":true,"href":"https:\/\/www.europesays.com\/pt\/wp-json\/wp\/v2\/media\/13657"}],"wp:attachment":[{"href":"https:\/\/www.europesays.com\/pt\/wp-json\/wp\/v2\/media?parent=160525"}],"wp:term":[{"taxonomy":"category","embeddable":true,"href":"https:\/\/www.europesays.com\/pt\/wp-json\/wp\/v2\/categories?post=160525"},{"taxonomy":"post_tag","embeddable":true,"href":"https:\/\/www.europesays.com\/pt\/wp-json\/wp\/v2\/tags?post=160525"}],"curies":[{"name":"wp","href":"https:\/\/api.w.org\/{rel}","templated":true}]}}