{"id":160531,"date":"2025-11-21T22:08:32","date_gmt":"2025-11-21T22:08:32","guid":{"rendered":"https:\/\/www.europesays.com\/pt\/160531\/"},"modified":"2025-11-21T22:08:32","modified_gmt":"2025-11-21T22:08:32","slug":"lamb-of-god-lanca-video-oficial-de-seu-novo-single-parasocial-christ","status":"publish","type":"post","link":"https:\/\/www.europesays.com\/pt\/160531\/","title":{"rendered":"Lamb of God lan\u00e7a v\u00eddeo oficial de seu novo single, &#8220;Parasocial Christ&#8221;"},"content":{"rendered":"<p>A veterana banda estadunidense Lamb of God presenteou seus f\u00e3s nesta sexta-feira (21) com uma nova m\u00fasica, intitulada &#8220;Parasocial Christ&#8221;. O single sucede &#8220;Sepsis&#8221;, faixa lan\u00e7ada no in\u00edcio de outubro.<\/p>\n<p>&#8220;Parasocial Christ&#8221; chega acompanhada por um videoclipe dirigido por Jon Vulpine. O visual perturbador do v\u00eddeo espelha a intensidade da faixa ao retratar a descida de um homem \u00e0 loucura, refor\u00e7ando a atmosfera densa proposta pela composi\u00e7\u00e3o (via <a href=\"https:\/\/blabbermouth.net\/news\/lamb-of-god-shares-music-video-for-new-single-parasocial-christ\" rel=\"nofollow noopener\" target=\"_blank\">Blabbermouth<\/a>).<\/p>\n<p><a href=\"https:\/\/whiplash.net\/bandas\/l\/lambofgod.html\" class=\"linkBotao\" rel=\"nofollow noopener\" target=\"_blank\">Lamb Of God &#8211; Mais Novidades<\/a><br \/><a target=\"_blank\" href=\"https:\/\/www.europesays.com\/pt\/wp-content\/uploads\/2025\/11\/lamb_of_god_laid_to_rest_yt.jpg\"><img loading=\"lazy\" decoding=\"async\" src=\"https:\/\/www.europesays.com\/pt\/wp-content\/uploads\/2025\/11\/lamb_of_god_laid_to_rest_yt.jpg\" class=\"widthConstrained\" width=\"700\" height=\"441\" alt=\"Foto: Reprodu\u00e7\u00e3o - YouTube\"\/><\/a>Foto: Reprodu\u00e7\u00e3o &#8211; YouTube<\/p>\n<p>CONTINUA DEPOIS DA PUBLICIDADE &#8211; CLI<\/p>\n<p>&#13;<br \/>\n&#13;<br \/>\n&#13;<br \/>\n&#13;<br \/>\n&#13;<br \/>\n&#13;<br \/>\n&#13;<br \/>\n&#13;<br \/>\n<a href=\"https:\/\/whiplash.net\/materias\/whiplash\/027002.html\" rel=\"nofollow noopener\" target=\"_blank\"><img decoding=\"async\" src=\"https:\/\/www.europesays.com\/pt\/wp-content\/uploads\/2025\/10\/1760413028_813_anunciar_diabo_336x280.gif\" loading=\"lazy\" width=\"336\" height=\"280\" class=\"widthConstrained\" style=\"background-color:#000000;display:block;\" alt=\"Anunciar bandas e shows de Rock e Heavy Metal\"\/><\/a>&#13;<\/p>\n<p>Randy Blythe, vocalista do Lamb of God, explicou o conceito por tr\u00e1s da m\u00fasica e da cr\u00edtica presente em sua letra. Segundo ele, a chamada Era da Informa\u00e7\u00e3o alimentou a economia da aten\u00e7\u00e3o, ind\u00fastria bilion\u00e1ria que se sustenta ao manter olhos fixos em telas e transformar cada clique em receita publicit\u00e1ria.<\/p>\n<p>&#8220;Cada segundo gasto clicando e rolando a tela por detalhes triviais e\/ou s\u00f3rdidos da vida de outras pessoas, pessoas que voc\u00ea provavelmente nunca conhecer\u00e1 &#8211; celebridades, pol\u00edticos, influenciadores &#8211; \u00e9 mais um d\u00f3lar na carteira de algum magnata da tecnologia j\u00e1 obscenamente rico. Voc\u00ea \u00e9 um produto e est\u00e1 sendo vendido em um mercado do qual n\u00e3o participa.&#8221;<\/p>\n<p>Em seguida, Blythe reconheceu a ironia de alertar sobre isso justamente por meio de plataformas digitais. Ainda assim, ele refor\u00e7ou a inten\u00e7\u00e3o da faixa.<\/p>\n<p>CONTINUA DEPOIS DA PUBLICIDADE &#8211; GOO<\/p>\n<p>&#13;<br \/>\n&#13;<br \/>\n&#13;<br \/>\n&#13;<br \/>\n<a href=\"https:\/\/whiplash.net\/materias\/whiplash\/027002.html\" rel=\"nofollow noopener\" target=\"_blank\"><img decoding=\"async\" src=\"https:\/\/www.europesays.com\/pt\/wp-content\/uploads\/2025\/10\/1760413028_813_anunciar_diabo_336x280.gif\" loading=\"lazy\" width=\"336\" height=\"280\" alt=\"Anunciar no Whiplash.Net\"\/><\/a>&#13;<br \/>\n&#13;<br \/>\n&#13;<br \/>\n&#13;<br \/>\n&#13;<br \/>\n&#13;<br \/>\n<a href=\"https:\/\/whiplash.net\/materias\/whiplash\/027002.html\" rel=\"nofollow noopener\" target=\"_blank\"><img decoding=\"async\" src=\"https:\/\/www.europesays.com\/pt\/wp-content\/uploads\/2025\/10\/1760413028_813_anunciar_diabo_336x280.gif\" loading=\"lazy\" width=\"336\" height=\"280\" class=\"widthConstrained\" style=\"background-color:#000000;display:block;\" alt=\"Anunciar bandas e shows de Rock e Heavy Metal\"\/><\/a>&#13;<\/p>\n<p>&#8220;A ironia de voc\u00ea estar lendo isso em alguma plataforma de m\u00eddia social ou site agregador de not\u00edcias musicais n\u00e3o me escapa; mesmo assim, espero que esta m\u00fasica fa\u00e7a voc\u00ea refletir sobre a quem e ao que voc\u00ea dedica sua aten\u00e7\u00e3o. Que se dane o clickbait, largue o celular, v\u00e1 viver sua vida &#8211; ela est\u00e1 esperando por voc\u00ea no que restou do mundo real.&#8221;<\/p>\n<p>O v\u00eddeo oficial de &#8220;Parasocial Christ&#8221; foi disponibilizado pelo Lamb of God em seu canal oficial do YouTube. Clique no player abaixo e confira.<\/p>\n<p>\u25ba&#8221; src=&#8221;https:\/\/www.youtube.com\/embed\/nX776v0WQm8&#8243; width=&#8221;560&#8243; height=&#8221;315&#8243; allow=&#8221;accelerometer; autoplay; clipboard-write; encrypted-media; gyroscope; picture-in-picture&#8221; allowfullscreen loading=&#8221;lazy&#8221; style=&#8221;border:0;&#8221;&gt;<\/p>\n<p>CONTINUA DEPOIS DA PUBLICIDADE &#8211; CLI<\/p>\n<p>&#13;<br \/>\n&#13;<br \/>\n&#13;<br \/>\n&#13;<br \/>\n&#13;<br \/>\n&#13;<br \/>\n&#13;<br \/>\n&#13;<br \/>\n<a href=\"https:\/\/whiplash.net\/materias\/whiplash\/027002.html\" rel=\"nofollow noopener\" target=\"_blank\"><img decoding=\"async\" src=\"https:\/\/www.europesays.com\/pt\/wp-content\/uploads\/2025\/10\/1760413028_813_anunciar_diabo_336x280.gif\" loading=\"lazy\" width=\"336\" height=\"280\" class=\"widthConstrained\" style=\"background-color:#000000;display:block;\" alt=\"Anunciar bandas e shows de Rock e Heavy Metal\"\/><\/a>&#13;<\/p>\n","protected":false},"excerpt":{"rendered":"A veterana banda estadunidense Lamb of God presenteou seus f\u00e3s nesta sexta-feira (21) com uma nova m\u00fasica, intitulada&hellip;\n","protected":false},"author":2,"featured_media":160532,"comment_status":"","ping_status":"","sticky":false,"template":"","format":"standard","meta":{"footnotes":""},"categories":[141],"tags":[114,115,149,150,32,33],"class_list":{"0":"post-160531","1":"post","2":"type-post","3":"status-publish","4":"format-standard","5":"has-post-thumbnail","7":"category-musica","8":"tag-entertainment","9":"tag-entretenimento","10":"tag-music","11":"tag-musica","12":"tag-portugal","13":"tag-pt"},"share_on_mastodon":{"url":"https:\/\/pubeurope.com\/@pt\/115589972527357094","error":""},"_links":{"self":[{"href":"https:\/\/www.europesays.com\/pt\/wp-json\/wp\/v2\/posts\/160531","targetHints":{"allow":["GET"]}}],"collection":[{"href":"https:\/\/www.europesays.com\/pt\/wp-json\/wp\/v2\/posts"}],"about":[{"href":"https:\/\/www.europesays.com\/pt\/wp-json\/wp\/v2\/types\/post"}],"author":[{"embeddable":true,"href":"https:\/\/www.europesays.com\/pt\/wp-json\/wp\/v2\/users\/2"}],"replies":[{"embeddable":true,"href":"https:\/\/www.europesays.com\/pt\/wp-json\/wp\/v2\/comments?post=160531"}],"version-history":[{"count":0,"href":"https:\/\/www.europesays.com\/pt\/wp-json\/wp\/v2\/posts\/160531\/revisions"}],"wp:featuredmedia":[{"embeddable":true,"href":"https:\/\/www.europesays.com\/pt\/wp-json\/wp\/v2\/media\/160532"}],"wp:attachment":[{"href":"https:\/\/www.europesays.com\/pt\/wp-json\/wp\/v2\/media?parent=160531"}],"wp:term":[{"taxonomy":"category","embeddable":true,"href":"https:\/\/www.europesays.com\/pt\/wp-json\/wp\/v2\/categories?post=160531"},{"taxonomy":"post_tag","embeddable":true,"href":"https:\/\/www.europesays.com\/pt\/wp-json\/wp\/v2\/tags?post=160531"}],"curies":[{"name":"wp","href":"https:\/\/api.w.org\/{rel}","templated":true}]}}