{"id":160539,"date":"2025-11-21T22:15:07","date_gmt":"2025-11-21T22:15:07","guid":{"rendered":"https:\/\/www.europesays.com\/pt\/160539\/"},"modified":"2025-11-21T22:15:07","modified_gmt":"2025-11-21T22:15:07","slug":"eslovaquia-recusa-alterar-constituicao-apesar-do-processo-de-infracao-da-ue","status":"publish","type":"post","link":"https:\/\/www.europesays.com\/pt\/160539\/","title":{"rendered":"Eslov\u00e1quia recusa alterar Constitui\u00e7\u00e3o apesar do processo de infra\u00e7\u00e3o da UE"},"content":{"rendered":"<p>&#8220;Posso confirmar a cem por cento que n\u00e3o haver\u00e1 altera\u00e7\u00f5es \u00e0 Constitui\u00e7\u00e3o. N\u00e3o h\u00e1 qualquer raz\u00e3o para considerarmos alterar o que incorpor\u00e1mos no documento jur\u00eddico fundamental da Rep\u00fablica Eslovaca durante a \u00faltima reforma constitucional&#8221;, afirmou Fico num comunicado, informando Bruxelas da sua resposta.<\/p>\n<p>A controversa altera\u00e7\u00e3o constitucional, aprovada em setembro, para al\u00e9m de dar primazia \u00e0 lei eslovaca sobre a lei da Uni\u00e3o Europeia (UE) em quest\u00f5es de identidade cultural, reconhece apenas dois sexos (masculino e feminino), restringe a educa\u00e7\u00e3o sexual, limita a ado\u00e7\u00e3o a casais heterossexuais casados e pro\u00edbe a maternidade de substitui\u00e7\u00e3o.<\/p>\n<p>Os cr\u00edticos do regulamento consideram que um dos objetivos da altera\u00e7\u00e3o \u00e9 restringir os direitos da comunidade LGBT+ (l\u00e9sbicas, gays, bissexuais, trans e intersexo).<\/p>\n<p>Ao informar hoje, em Bruxelas, que deu in\u00edcio a um processo de infra\u00e7\u00e3o contra a Eslov\u00e1quia, a Comiss\u00e3o Europeia afirmou que as jurisdi\u00e7\u00f5es nacionais n\u00e3o est\u00e3o isentas da obriga\u00e7\u00e3o de respeitar os princ\u00edpios fundamentais da legisla\u00e7\u00e3o da UE.<\/p>\n<p>A Comiss\u00e3o Europeia recordou que as autoridades eslovacas j\u00e1 tinham sido informadas deste facto antes de adotarem a altera\u00e7\u00e3o constitucional e que Bratislava tem agora dois meses para responder \u00e0s obje\u00e7\u00f5es levantadas pelo executivo comunit\u00e1rio liderado por Ursula von der Leyen.<\/p>\n<p>Na sua rea\u00e7\u00e3o, Fico afirmou que o \u00fanico ponto da reforma contestado por Bruxelas no processo de infra\u00e7\u00e3o \u00e9 a primazia do direito nacional em mat\u00e9ria de identidade cultural, tal como refletido no artigo 7.\u00ba da Lei Fundamental eslovaca, mas que, em si, esta &#8220;soberania n\u00e3o \u00e9 um problema&#8221;.<\/p>\n<p>O pol\u00edtico eslovaco especificou que a Comiss\u00e3o Europeia tem uma preocupa\u00e7\u00e3o preventiva sobre a forma como a Eslov\u00e1quia ir\u00e1 aplicar este artigo no futuro, especialmente se for abusado ou utilizado em \u00e1reas em que a UE tem compet\u00eancia legislativa exclusiva.<\/p>\n<p>&#8220;Responderemos ao processo no esp\u00edrito de que o artigo 7.\u00ba se refere exclusivamente \u00e0 identidade nacional e de que a Rep\u00fablica Eslovaca n\u00e3o tem interesse em utilizar este artigo para p\u00f4r em causa o direito exclusivo da UE de adotar legisla\u00e7\u00e3o noutras \u00e1reas&#8221;, acrescentou Fico.<\/p>\n<p>O executivo europeu afirmou ter manifestado as suas preocupa\u00e7\u00f5es \u00e0s autoridades eslovacas &#8220;antes da ado\u00e7\u00e3o das altera\u00e7\u00f5es&#8221; e lamentou que estas &#8220;n\u00e3o tenham sido tidas em conta&#8221;.<\/p>\n<p>O Governo do primeiro-ministro h\u00fangaro, o ultranacionalista Viktor Orb\u00e1n, adotou medidas semelhantes e \u00e9 objeto de um processo por infra\u00e7\u00e3o da Uni\u00e3o Europeia devido a uma lei que pro\u00edbe a discuss\u00e3o da homossexualidade junto de menores de 18 anos desde 2021.<\/p>\n<p>Leia Tamb\u00e9m: <a href=\"https:\/\/www.noticiasaominuto.com\/mundo\/2889934\/eslovacos-protestam-contra-primeiro-ministro-pro-russo\" target=\"_blank\" rel=\"noreferrer noopener nofollow\">Eslovacos protestam contra primeiro-ministro pr\u00f3-russo<\/a><\/p>\n","protected":false},"excerpt":{"rendered":"&#8220;Posso confirmar a cem por cento que n\u00e3o haver\u00e1 altera\u00e7\u00f5es \u00e0 Constitui\u00e7\u00e3o. N\u00e3o h\u00e1 qualquer raz\u00e3o para considerarmos&hellip;\n","protected":false},"author":2,"featured_media":160540,"comment_status":"","ping_status":"","sticky":false,"template":"","format":"standard","meta":{"footnotes":""},"categories":[50],"tags":[27,28,15,16,14,25,26,21,22,62,12,13,19,20,23,24,17,18,29,30,31,63,64,65],"class_list":{"0":"post-160539","1":"post","2":"type-post","3":"status-publish","4":"format-standard","5":"has-post-thumbnail","7":"category-mundo","8":"tag-breaking-news","9":"tag-breakingnews","10":"tag-featured-news","11":"tag-featurednews","12":"tag-headlines","13":"tag-latest-news","14":"tag-latestnews","15":"tag-main-news","16":"tag-mainnews","17":"tag-mundo","18":"tag-news","19":"tag-noticias","20":"tag-noticias-principais","21":"tag-noticiasprincipais","22":"tag-principais-noticias","23":"tag-principaisnoticias","24":"tag-top-stories","25":"tag-topstories","26":"tag-ultimas","27":"tag-ultimas-noticias","28":"tag-ultimasnoticias","29":"tag-world","30":"tag-world-news","31":"tag-worldnews"},"share_on_mastodon":{"url":"https:\/\/pubeurope.com\/@pt\/115589999809257894","error":""},"_links":{"self":[{"href":"https:\/\/www.europesays.com\/pt\/wp-json\/wp\/v2\/posts\/160539","targetHints":{"allow":["GET"]}}],"collection":[{"href":"https:\/\/www.europesays.com\/pt\/wp-json\/wp\/v2\/posts"}],"about":[{"href":"https:\/\/www.europesays.com\/pt\/wp-json\/wp\/v2\/types\/post"}],"author":[{"embeddable":true,"href":"https:\/\/www.europesays.com\/pt\/wp-json\/wp\/v2\/users\/2"}],"replies":[{"embeddable":true,"href":"https:\/\/www.europesays.com\/pt\/wp-json\/wp\/v2\/comments?post=160539"}],"version-history":[{"count":0,"href":"https:\/\/www.europesays.com\/pt\/wp-json\/wp\/v2\/posts\/160539\/revisions"}],"wp:featuredmedia":[{"embeddable":true,"href":"https:\/\/www.europesays.com\/pt\/wp-json\/wp\/v2\/media\/160540"}],"wp:attachment":[{"href":"https:\/\/www.europesays.com\/pt\/wp-json\/wp\/v2\/media?parent=160539"}],"wp:term":[{"taxonomy":"category","embeddable":true,"href":"https:\/\/www.europesays.com\/pt\/wp-json\/wp\/v2\/categories?post=160539"},{"taxonomy":"post_tag","embeddable":true,"href":"https:\/\/www.europesays.com\/pt\/wp-json\/wp\/v2\/tags?post=160539"}],"curies":[{"name":"wp","href":"https:\/\/api.w.org\/{rel}","templated":true}]}}