{"id":160542,"date":"2025-11-21T22:18:11","date_gmt":"2025-11-21T22:18:11","guid":{"rendered":"https:\/\/www.europesays.com\/pt\/160542\/"},"modified":"2025-11-21T22:18:11","modified_gmt":"2025-11-21T22:18:11","slug":"neymar-exibe-momento-fofo-de-bruna-biancardi-com-mel-recriando-quadro-globo","status":"publish","type":"post","link":"https:\/\/www.europesays.com\/pt\/160542\/","title":{"rendered":"Neymar exibe momento fofo de Bruna Biancardi com Mel &#039;recriando quadro&#039; &#8211; Globo"},"content":{"rendered":"<ol>\n<li><a href=\"https:\/\/news.google.com\/rss\/articles\/CBMixwFBVV95cUxOeExST1BjX29lX28zWVMxNk13LUc0d3VjcXlRLVBHNUpFMnhDMGZFWV9rcGFfaGh4bjN6ODVfVTBYaHk0MDZJQ0F4NlZBNHhvUWV0aGRremt0dURlUWc4YUpGZzRGSU1UT1JPWWN1Q3o1aHRFR0VaODBVdUhBRElUWEEtZHhTY196eTJlcG1SR3YtZGkxNVRCN0gzUHlhVWR6R0t6S1QwS1pUdlRjaThkXzV1aHNPa29Pald6eTh6Q05ka1ZIVHRV0gHWAUFVX3lxTE9fVXZiMUhnR1c0Ukx5S2ltZU1vRndLUG5qRU00QVl5M1hESnUtNmZrMC12aXBZSlZQRk9oZkk3TW5VajF2WVBod2JIU2JCMU9fWVZ6Zzh0N19YSkVld2dXN0VCcTV2VXJFUU9lLW1Td25EdXJ2cExhWVJVMFZTTHNyNzJkcGI0c3pKUnUxNTVlMnhzelRfaTl2bHFVOEU4aGM4M0oxYWEwYjR0QmN4dS0wd2ZJUWJqdnRwbTlDM3hTbGpRV3NLXzd6N1c0NlN0Tlh0N0xXX2c?oc=5\" target=\"_blank\" rel=\"nofollow noopener\">Neymar exibe momento fofo de Bruna Biancardi com Mel &#8216;recriando quadro&#8217;<\/a>&nbsp;&nbsp;Globo<\/li>\n<li><a href=\"https:\/\/news.google.com\/rss\/articles\/CBMiyAFBVV95cUxOQnduc0JtaUdzMlQ4Z0FxWDRwb3FKWVBtZzRxekMzVS1kTGc4UHZpb01rcndRTnhiTzVaT0ZyOFRLWEpCb3c4d05HY1lXMVZvQ1FUajE4N3l0Uzd1VFM2d3pKTnBycVRwMDdHRzlmQ3RXU0hXb3RRUGpIeXZBZjliUzBlZllQeWZtQi04VURvdllCNXRUeXFhZm9TOUpKb3RqbDZuSHFzREVTQTg4VDZtSnNSUmEtamRwMUkwR3haSlRaS1B0Qk9tOdIB1wFBVV95cUxQVVh6MUstZmp3U05xYUtYVWhvdlphV1Bxd2RiMFVZaTRMUmNDMy04dVNIckl0SEZOZTNzaWQxbG9sV0VaNjJLa19WSllWTTBfZlBqVkcycTItUU0wSnBVTWtZMFZ1Sk5pXzRoMGlBdzFlcHBodDVFZHJZQlpqMnNINEQtcHZXemxOMWV6QTlkRlZCTGNrQlJiajlCdVZBaWJYZ2ZFREpDSGpRRlRiUkhLTE5VRnotS1J0TEFXaVByc09VcnlZQ3VMRUQwQzU4U2xQQVRlbTh3QQ?oc=5\" target=\"_blank\" rel=\"nofollow noopener\">Bruna Biancardi abre \u00e1lbum com as filhas e intera\u00e7\u00e3o de Mavie e Mel rouba a cena: &#8216;Quem aguenta?&#8217;<\/a>&nbsp;&nbsp;Globo<\/li>\n<li><a href=\"https:\/\/news.google.com\/rss\/articles\/CBMixwFBVV95cUxPclJUYkpyME4xLW1KVXVvNUMwOHlVWnJqTlBZZ2ZxUlFiMGpHd3A3RXpTdXd6OU1HWllkc0RlMmZKUm5WdExMS3lVU0x0bTJ4TlRiVW5qYmRPS0UtcUV4eG9DS3BzWHJFVXR3S2VpRktIcVlZNGZBSjRIc2NYUC1kQXJ6ZWVyTEE4b2pVV2pyc280eUxFdDBUM3RNZTNrZkM2bzU2UG9zbXBGckpKTEdhVURiYnFyVkIwT2lDRnM1bE8tZlJac1VB0gHMAUFVX3lxTE9YcEZUQ2gzczducFdTSWM4OGtFYk90T3c1RXZ1bTQycDNIODNPcW5hMzJ1d3E0b0k0U1N4c0Q2SkxabzJoUkc4NEtYSE1UR2JxYVoxMUFoMWV6UHg1YzdHbFgyMkRNVnBfcmdIZXJXYUEyVmlqUDBaZXc3eHFmTEMzdUtvbUhGMHpuUDFHY0VYX21MMEVjclBJWGJlOV9XcTRfc2VDQlJoNDlwTTFpUkd4c1dLVnNleERXTVJsYmtvQ1RIMzFGb2E0THZ3Tg?oc=5\" target=\"_blank\" rel=\"nofollow noopener\">Bruna Biancardi encanta ao mostrar cliques com Neymar e filhas<\/a>&nbsp;&nbsp;O Dia<\/li>\n<li><a href=\"https:\/\/news.google.com\/rss\/articles\/CBMiygFBVV95cUxOS2hNbzZaMUZlZ2E2RkhCRVN6VVB0ZUlCSGRrOEQ0WWc0c3BUOTVFanJnSmltazNKVzlnQXM5WlEteGZqOUN5ZVdUNWkwN3ByQUpMY3J4WXlZZGhRbUpPUWk1YXpVOFozYzA2TzMzMW15NHA2aXllSWdfY3pwMHJqOEJEZE1PQ1VGbE5kMnlhVGFUX1NLVmdRZlc1X3hNU1RXd1FBUTk4TmNLb0ZZSXlDYkhtVDRWSDh4Y19pVXp1b2xCUFR0STJqMmZn?oc=5\" target=\"_blank\" rel=\"nofollow noopener\">Neymar faz clique raro de Bruna Biancardi com a filha, Mavie, e detalhe chama aten\u00e7\u00e3o<\/a>&nbsp;&nbsp;Jornal Correio<\/li>\n<li><a href=\"https:\/\/news.google.com\/rss\/articles\/CBMivgFBVV95cUxOT0FjdnRNTGtkUUxOQnRTTW9HbW4xMnJweHRHRFZ5MWZiZ012ZmI4dE9wZVJra1l4Wm5JTVd4amhYWnlvcHBVUklUUEhEYjF3RW9WZ0kzZk5LV2w1M0Q4RGpmRW5hOGhReThONG9OVWVOeUF1VkpHelNscmFCOGNSZzhVSUpyVFJCM1owZEc1Q0c5alpqS0t2REdoVjQwby1jRFd3bHQ5QjIyZXlkN0l0YnlRNWVvX0ZZQXYzcHR3?oc=5\" target=\"_blank\" rel=\"nofollow noopener\">Neymar e Bruna Biancardi surgem em clima familiar ao lado das filhas<\/a>&nbsp;&nbsp;UOL<\/li>\n<\/ol>\n","protected":false},"excerpt":{"rendered":"Neymar exibe momento fofo de Bruna Biancardi com Mel &#8216;recriando quadro&#8217;&nbsp;&nbsp;Globo Bruna Biancardi abre \u00e1lbum com as filhas&hellip;\n","protected":false},"author":2,"featured_media":160543,"comment_status":"","ping_status":"","sticky":false,"template":"","format":"standard","meta":{"footnotes":""},"categories":[145],"tags":[211,210,114,115,32,33],"class_list":{"0":"post-160542","1":"post","2":"type-post","3":"status-publish","4":"format-standard","5":"has-post-thumbnail","7":"category-celebridades","8":"tag-celebridades","9":"tag-celebrities","10":"tag-entertainment","11":"tag-entretenimento","12":"tag-portugal","13":"tag-pt"},"share_on_mastodon":{"url":"https:\/\/pubeurope.com\/@pt\/115590011528748788","error":""},"_links":{"self":[{"href":"https:\/\/www.europesays.com\/pt\/wp-json\/wp\/v2\/posts\/160542","targetHints":{"allow":["GET"]}}],"collection":[{"href":"https:\/\/www.europesays.com\/pt\/wp-json\/wp\/v2\/posts"}],"about":[{"href":"https:\/\/www.europesays.com\/pt\/wp-json\/wp\/v2\/types\/post"}],"author":[{"embeddable":true,"href":"https:\/\/www.europesays.com\/pt\/wp-json\/wp\/v2\/users\/2"}],"replies":[{"embeddable":true,"href":"https:\/\/www.europesays.com\/pt\/wp-json\/wp\/v2\/comments?post=160542"}],"version-history":[{"count":0,"href":"https:\/\/www.europesays.com\/pt\/wp-json\/wp\/v2\/posts\/160542\/revisions"}],"wp:featuredmedia":[{"embeddable":true,"href":"https:\/\/www.europesays.com\/pt\/wp-json\/wp\/v2\/media\/160543"}],"wp:attachment":[{"href":"https:\/\/www.europesays.com\/pt\/wp-json\/wp\/v2\/media?parent=160542"}],"wp:term":[{"taxonomy":"category","embeddable":true,"href":"https:\/\/www.europesays.com\/pt\/wp-json\/wp\/v2\/categories?post=160542"},{"taxonomy":"post_tag","embeddable":true,"href":"https:\/\/www.europesays.com\/pt\/wp-json\/wp\/v2\/tags?post=160542"}],"curies":[{"name":"wp","href":"https:\/\/api.w.org\/{rel}","templated":true}]}}