{"id":160554,"date":"2025-11-21T22:30:31","date_gmt":"2025-11-21T22:30:31","guid":{"rendered":"https:\/\/www.europesays.com\/pt\/160554\/"},"modified":"2025-11-21T22:30:31","modified_gmt":"2025-11-21T22:30:31","slug":"esta-freguesia-no-alto-minho-pode-voltar-as-urnas-apos-bloqueio","status":"publish","type":"post","link":"https:\/\/www.europesays.com\/pt\/160554\/","title":{"rendered":"Esta freguesia no Alto Minho pode voltar \u00e0s urnas ap\u00f3s &#8220;bloqueio&#8221;"},"content":{"rendered":"<p>O PS de Valen\u00e7a revelou hoje que v\u00e3o ser realizadas elei\u00e7\u00f5es intercalares para a junta de freguesia de Cerdal, acusando PSD e Chega de bloqueio na instala\u00e7\u00e3o dos \u00f3rg\u00e3os aut\u00e1rquicos.<\/p>\n<p>&#13;<br \/>\n&#13;<br \/>\n&#13;<\/p>\n<p>\u201cFace ao bloqueio e \u00e0 inexist\u00eancia de mecanismos legais que permitam ultrapassar este tipo de impasse, o PS e o presidente de junta eleito [do PS] consideram que a \u00fanica solu\u00e7\u00e3o democr\u00e1tica, transparente e justa \u00e9 devolver a palavra aos fregueses atrav\u00e9s da convoca\u00e7\u00e3o de elei\u00e7\u00f5es intercalares\u201d, afirma, em comunicado, o PS de Valen\u00e7a. <\/p>\n<p>Para os socialistas, \u201ca atitude do PSD e do Chega, orientada pela l\u00f3gica da obstru\u00e7\u00e3o e pela vontade de instrumentalizar o impasse, retirou qualquer viabilidade a uma solu\u00e7\u00e3o negociada\u201d.<\/p>\n<p>Nas elei\u00e7\u00f5es de 12 de outubro, o PS venceu as elei\u00e7\u00f5es para a Assembleia de Freguesia de Cerdal com 47,97% dos votos, elegendo quatro elementos.<\/p>\n<p>O PSD obteve 29,42% dos votos, elegendo tr\u00eas elementos e o Chega alcan\u00e7ou 19,51% dos votos, pelo que elegeu dois.<\/p>\n<p>Na nota de imprensa, o PS acusa PSD e Chega de terem formado, \u201cantes mesmo das elei\u00e7\u00f5es, uma coliga\u00e7\u00e3o negativa que teve como \u00fanico prop\u00f3sito bloquear a instala\u00e7\u00e3o dos \u00f3rg\u00e3os e criar um impasse pol\u00edtico artificial\u201d.<\/p>\n<p>A atua\u00e7\u00e3o, dizem, \u201cserviu apenas os interesses pol\u00edtico-partid\u00e1rios de duas for\u00e7as que foram amplamente derrotadas nas urnas e que identificaram, na aus\u00eancia de maioria do PS, uma oportunidade para assegurar a sua pr\u00f3pria sobreviv\u00eancia pol\u00edtica no concelho\u201d.<\/p>\n<p>O PS revela que, ap\u00f3s as elei\u00e7\u00f5es, \u201co PS iniciou os primeiros contactos com o PSD, a segunda for\u00e7a mais votada, apresentando uma proposta equilibrada e aberta para a composi\u00e7\u00e3o dos \u00f3rg\u00e3os\u201d.<\/p>\n<p>\u201cSeguiram-se v\u00e1rias reuni\u00f5es e tentativas de contacto com ambas as for\u00e7as \u2013 PSD e Chega -, sempre com total disponibilidade por parte do PS para construir solu\u00e7\u00f5es est\u00e1veis e representativas\u201d, acrescentam os socialistas.<\/p>\n<p>O PS refere tamb\u00e9m que \u201cforam apresentadas diversas propostas de composi\u00e7\u00e3o dos \u00f3rg\u00e3os, contemplando a possibilidade de inclus\u00e3o de eleitos do PSD ou do Chega no executivo da junta freguesia ou na mesa da Assembleia de Freguesia, sem sucesso\u201d.<\/p>\n<p>\u201cApesar disso, ap\u00f3s v\u00e1rias aus\u00eancias de resposta e mudan\u00e7as de posi\u00e7\u00e3o, foram apresentadas, pela oposi\u00e7\u00e3o, contrapropostas absolutamente invi\u00e1veis, n\u00e3o correspondentes com os resultados eleitorais\u201d, lamentam os socialistas.<\/p>\n<p>Em causa esteve, por exemplo, \u201cuma proposta de composi\u00e7\u00e3o tripartida do executivo da junta e de lideran\u00e7a da mesa da Assembleia de Freguesia pelo partido menos votado, o Chega\u201d.<\/p>\n<p>\u201cAinda assim, em resposta, o PS apresentou uma outra proposta que considerava a inclus\u00e3o de um elemento do PSD no executivo e elementos do Chega como secret\u00e1rios da mesa da Assembleia de Freguesia\u201d, dizem.<\/p>\n<p>Na v\u00e9spera da Assembleia de Freguesia de quarta-feira, \u201ctornou-se evidente que PSD e Chega pretendiam impor uma solu\u00e7\u00e3o previamente combinada entre ambos, contr\u00e1ria \u00e0s propostas discutidas e incompat\u00edvel com a vontade expressa pelos fregueses no ato eleitoral\u201d.<\/p>\n<p>\u201cEsta sucess\u00e3o de comportamentos inviabilizou qualquer acordo s\u00e9rio e respons\u00e1vel\u201d, conclui o PS.<\/p>\n","protected":false},"excerpt":{"rendered":"O PS de Valen\u00e7a revelou hoje que v\u00e3o ser realizadas elei\u00e7\u00f5es intercalares para a junta de freguesia de&hellip;\n","protected":false},"author":2,"featured_media":160555,"comment_status":"","ping_status":"","sticky":false,"template":"","format":"standard","meta":{"footnotes":""},"categories":[10],"tags":[27,28,15,16,14,25,26,21,22,12,13,19,20,32,23,24,33,17,18,29,30,31],"class_list":{"0":"post-160554","1":"post","2":"type-post","3":"status-publish","4":"format-standard","5":"has-post-thumbnail","7":"category-portugal","8":"tag-breaking-news","9":"tag-breakingnews","10":"tag-featured-news","11":"tag-featurednews","12":"tag-headlines","13":"tag-latest-news","14":"tag-latestnews","15":"tag-main-news","16":"tag-mainnews","17":"tag-news","18":"tag-noticias","19":"tag-noticias-principais","20":"tag-noticiasprincipais","21":"tag-portugal","22":"tag-principais-noticias","23":"tag-principaisnoticias","24":"tag-pt","25":"tag-top-stories","26":"tag-topstories","27":"tag-ultimas","28":"tag-ultimas-noticias","29":"tag-ultimasnoticias"},"share_on_mastodon":{"url":"https:\/\/pubeurope.com\/@pt\/115590058894941041","error":""},"_links":{"self":[{"href":"https:\/\/www.europesays.com\/pt\/wp-json\/wp\/v2\/posts\/160554","targetHints":{"allow":["GET"]}}],"collection":[{"href":"https:\/\/www.europesays.com\/pt\/wp-json\/wp\/v2\/posts"}],"about":[{"href":"https:\/\/www.europesays.com\/pt\/wp-json\/wp\/v2\/types\/post"}],"author":[{"embeddable":true,"href":"https:\/\/www.europesays.com\/pt\/wp-json\/wp\/v2\/users\/2"}],"replies":[{"embeddable":true,"href":"https:\/\/www.europesays.com\/pt\/wp-json\/wp\/v2\/comments?post=160554"}],"version-history":[{"count":0,"href":"https:\/\/www.europesays.com\/pt\/wp-json\/wp\/v2\/posts\/160554\/revisions"}],"wp:featuredmedia":[{"embeddable":true,"href":"https:\/\/www.europesays.com\/pt\/wp-json\/wp\/v2\/media\/160555"}],"wp:attachment":[{"href":"https:\/\/www.europesays.com\/pt\/wp-json\/wp\/v2\/media?parent=160554"}],"wp:term":[{"taxonomy":"category","embeddable":true,"href":"https:\/\/www.europesays.com\/pt\/wp-json\/wp\/v2\/categories?post=160554"},{"taxonomy":"post_tag","embeddable":true,"href":"https:\/\/www.europesays.com\/pt\/wp-json\/wp\/v2\/tags?post=160554"}],"curies":[{"name":"wp","href":"https:\/\/api.w.org\/{rel}","templated":true}]}}