{"id":160556,"date":"2025-11-21T22:31:21","date_gmt":"2025-11-21T22:31:21","guid":{"rendered":"https:\/\/www.europesays.com\/pt\/160556\/"},"modified":"2025-11-21T22:31:21","modified_gmt":"2025-11-21T22:31:21","slug":"zelensky-recusa-trair-ucrania-e-propora-alternativas-a-plano-observador","status":"publish","type":"post","link":"https:\/\/www.europesays.com\/pt\/160556\/","title":{"rendered":"Zelensky recusa trair Ucr\u00e2nia e propor\u00e1 alternativas a plano \u2013 Observador"},"content":{"rendered":"<p>Acompanhe o <a href=\"https:\/\/observador.pt\/liveblogs\/provocacoes-baratas-ucrania-desmente-que-russos-tenham-conquistado-kupiansk\/#liveblog-entry-738732\" rel=\"nofollow noopener\" target=\"_blank\">nosso liveblog sobre a guerra na Ucr\u00e2nia\u00a0<\/a><\/p>\n<p>O Presidente ucraniano, Volodymyr Zelensky, afirmou esta sexta-feira que se <strong>recusa a \u201ctrair\u201d a na\u00e7\u00e3o<\/strong> e anunciou que vai propor alternativas ao plano dos Estados Unidos para o conflito com a R\u00fassia, que implica ced\u00eancias territoriais a Moscovo.<\/p>\n<p>\u201c<strong>Apresentarei argumentos, persuadirei e proporei alternativas<\/strong>\u201c, disse o l\u00edder ucraniano numa declara\u00e7\u00e3o por v\u00eddeo \u00e0 na\u00e7\u00e3o, na qual sublinhou que n\u00e3o trair\u00e1\u00a0o seu pa\u00eds.<\/p>\n<p>Volodymyr Zelensky avisou que este \u201c\u00e9 um dos momentos mais dif\u00edceis e de maior press\u00e3o\u201d da hist\u00f3ria da Ucr\u00e2nia, que se confronta com <strong>\u201cescolhas muito dif\u00edceis\u201d<\/strong> face \u00e0 <a href=\"https:\/\/observador.pt\/2025\/11\/20\/plano-dos-eua-para-a-ucrania-que-deixa-russia-otimista-implica-cedencia-do-donbass-inteiro-e-reducao-do-exercito\/\" rel=\"nofollow noopener\" target=\"_blank\">proposta norte-americana recebida na quinta-feira por Kiev<\/a>.<\/p>\n<p>\u201cOu perde a sua dignidade ou corre o risco de perder um aliado fundamental\u201d, declarou, referindo-se aos Estados Unidos.<\/p>\n<p>Mais tarde, o Presidente da Ucr\u00e2nia revelou na rede social X que falou \u201cdurante quase uma hora com o vice-presidente dos EUA JD Vance e o Secret\u00e1rio do Ex\u00e9rcito dos EUA Dan Driscoll\u201d.<\/p>\n<p>\u201cConseguimos cobrir muitos dos pormenores das propostas do lado dos EUA para acabar com a guerra e estamos a trabalhar para fazer um caminho para uma forma digna e verdadeiramente eficaz para conquistar uma paz duradoura\u201d, escreveu o Presidente ucraniano.<\/p>\n<p>\u201cEstou agradecido pela aten\u00e7\u00e3o e disposi\u00e7\u00e3o para trabalharem em conjunto connosco e com os nossos parceiros. Concord\u00e1mos em trabalhar com os EUA e a Europa a um n\u00edvel de conselheiros nacionais para abrir um caminho para a paz realmente ating\u00edvel\u201d, continuou.<\/p>\n<p>Na publica\u00e7\u00e3o, afirma que a Ucr\u00e2nia <strong>\u201csempre respeitou e continua a respeitar os EUA\u201d<\/strong>, falando tamb\u00e9m no respeito \u201cpelos desejos de Donald Trump de p\u00f4r fim \u00e0 guerra\u201d. Zelensky afirma que v\u00eaem \u201ctodas as propostas realistas de forma positiva\u201d.<\/p>\n<p>\u201cConcord\u00e1mos em manter contacto constante e as nossas equipas est\u00e3o prontas para trabalhar 24 horas, sete dias por semana\u201d, acrescentou.<\/p>\n<blockquote class=\"twitter-tweet\" data-width=\"500\" data-dnt=\"true\">\n<p lang=\"en\" dir=\"ltr\">We spoke for almost an hour with U.S. <a href=\"https:\/\/twitter.com\/VP?ref_src=twsrc%5Etfw\" rel=\"nofollow noopener\" target=\"_blank\">@VP<\/a> JD Vance and <a href=\"https:\/\/twitter.com\/SecArmy?ref_src=twsrc%5Etfw\" rel=\"nofollow noopener\" target=\"_blank\">@SecArmy<\/a> Dan Driscoll. We managed to cover a lot of details of the American side\u2019s proposals for ending the war, and we\u2019re working to make the path forward dignified and truly effective for achieving a lasting peace. I\u2019m\u2026 <a href=\"https:\/\/t.co\/h3uVlnxv2H\" rel=\"nofollow\">pic.twitter.com\/h3uVlnxv2H<\/a><\/p>\n<p>\u2014 Volodymyr Zelenskyy \/ \u0412\u043e\u043b\u043e\u0434\u0438\u043c\u0438\u0440 \u0417\u0435\u043b\u0435\u043d\u0441\u044c\u043a\u0438\u0439 (@ZelenskyyUa) <a href=\"https:\/\/twitter.com\/ZelenskyyUa\/status\/1991906779760898073?ref_src=twsrc%5Etfw\" rel=\"nofollow noopener\" target=\"_blank\">November 21, 2025<\/a><\/p>\n<\/blockquote>\n<p>O Presidente norte-americano quer que a Ucr\u00e2nia assine o plano sobre o fim da guerra com a R\u00fassia antes da pr\u00f3xima quinta-feira, Dia de A\u00e7\u00e3o de Gra\u00e7as. A not\u00edcia do prazo foi avan\u00e7ada pela imprensa norte-americana e, mais tarde, confirmada por Trump numa entrevista \u00e0 Fox Radio.<\/p>\n<p>Donald Trump est\u00e1 a pressionar Volodymyr Zelensky para que apoie a proposta antes de 27 de novembro, e amea\u00e7a retirar o apoio \u00e0 Ucr\u00e2nia se n\u00e3o o fizer, disseram cinco pessoas familiarizadas com o assunto ao jornal.<\/p>\n<p>Os Estados Unidos est\u00e3o a enviar sinais \u00e0 Ucr\u00e2nia de que tudo poder\u00e1 ficar em suspenso se n\u00e3o assinar dentro de uma semana, referiram dois funcion\u00e1rios, de acordo com a not\u00edcia citada pela ag\u00eancia espanhola EFE.<\/p>\n<p>O plano de 28 pontos, inspirado no da guerra na Faixa de Gaza, coloca em causa algumas das linhas vermelhas de Zelensky, como a cess\u00e3o de territ\u00f3rio ucraniano a dom\u00ednio russo.<\/p>\n<p>O documento inclui a exig\u00eancia de que Kiev retire as tropas do territ\u00f3rio que ainda controla na regi\u00e3o oriental do Donbass, formada pelas unidades administrativas de Lugansk e Donetsk.<\/p>\n<p>Prev\u00ea tamb\u00e9m que o ex\u00e9rcito ucraniano seja reduzido para 600.000 efetivos depois da guerra, em vez dos cerca de 880.000 atuais, e que a Ucr\u00e2nia renuncie \u00e0 entrada na NATO, prevista na Constitui\u00e7\u00e3o.<\/p>\n<p>Em troca, a Ucr\u00e2nia receber\u00e1 garantia de seguran\u00e7a face a uma eventual nova ofensiva russa.<\/p>\n<p>A inten\u00e7\u00e3o de Trump \u00e9 que a Ucr\u00e2nia assine o pacto, para que seja depois apresentado ao l\u00edder russo, Vladimir Putin, segundo a EFE.<\/p>\n<p>A presid\u00eancia russa negou ter recebido oficialmente a proposta dos Estados Unidos.<\/p>\n<p>O secret\u00e1rio do Ex\u00e9rcito dos Estados Unidos, Daniel Driscoll, apresentou a proposta norte-americana a Zelensky na quinta-feira, em Kiev.<\/p>\n<p>Apesar de a Ucr\u00e2nia n\u00e3o ter participado na elabora\u00e7\u00e3o do documento, Washington disse que estava a dialogar com Moscovo e Kiev \u201cpor igual\u201d.<\/p>\n<p>Zelensky falou esta sexta-feira ao telefone com os l\u00edderes alem\u00e3o, franc\u00eas e brit\u00e2nico para se assegurar de que as posi\u00e7\u00f5es de princ\u00edpio de Kiev t\u00eam o apoio europeu. Friedrich Merz, Emmanuel Macron e Keir Starmer saudaram os \u201cesfor\u00e7os norte-americanos\u201d para p\u00f4r fim \u00e0 guerra e asseguraram a Zelensky o \u201capoio total e inalterado no caminho para uma paz duradoura e justa\u201d, segundo o Governo alem\u00e3o.<\/p>\n<p>O Presidente russo, Vladimir Putin, considerou esta sexta-feira que o plano dos Estados Unidos para o conflito na Ucr\u00e2nia pode<strong> \u201cservir de base para uma solu\u00e7\u00e3o definitiva\u201d<\/strong>, amea\u00e7ando ocupar mais territ\u00f3rio ucraniano caso Kiev o rejeite.<\/p>\n<p>\u201cPode servir de base para uma solu\u00e7\u00e3o definitiva e pac\u00edfica, mas este plano n\u00e3o foi discutido connosco de forma concreta\u201c, declarou Putin, durante uma reuni\u00e3o governamental transmitida na televis\u00e3o russa. \u201cE consigo adivinhar porqu\u00ea. Acredito que a raz\u00e3o seja a mesma: a administra\u00e7\u00e3o dos EUA ainda n\u00e3o conseguiu assegurar o acordo do lado ucraniano. A Ucr\u00e2nia est\u00e1 contra ele\u201d, citou a <a href=\"https:\/\/tass.ru\/politika\/25696625\" target=\"_blank\" rel=\"noopener nofollow\">ag\u00eancia TASS.<\/a><\/p>\n<p>O l\u00edder do Kremlin indicou que est\u00e1 pronto para negocia\u00e7\u00f5es e \u201cresolver os problemas atrav\u00e9s de meios pac\u00edficos\u201d, o que disse requerer \u201cobviamente uma discuss\u00e3o minuciosa de todos os detalhes\u201d dos 28 pontos propostos pelo hom\u00f3logo norte-americano, Donald Trump.<\/p>\n<p>\u201cEstamos prontos para isso\u201d, acrescentou Putin, referindo que a proposta foi apenas discutida<strong> \u201cem termos gerais\u201d<\/strong> entre Moscovo e Washington, que, segundo indicou, pediu \u00e0s autoridades russas que \u201cfizessem certas concess\u00f5es e demonstrassem flexibilidade\u201d.<\/p>\n<p>(Atualizada \u00e0s 19h24 com mais informa\u00e7\u00e3o)<\/p>\n<p>            <script async src=\"https:\/\/platform.twitter.com\/widgets.js\" charset=\"utf-8\"><\/script><\/p>\n","protected":false},"excerpt":{"rendered":"Acompanhe o nosso liveblog sobre a guerra na Ucr\u00e2nia\u00a0 O Presidente ucraniano, Volodymyr Zelensky, afirmou esta sexta-feira que&hellip;\n","protected":false},"author":2,"featured_media":160557,"comment_status":"","ping_status":"","sticky":false,"template":"","format":"standard","meta":{"footnotes":""},"categories":[8],"tags":[624,27,28,623,445,15,16,1123,14,25,26,21,22,62,12,13,19,20,32,23,24,33,3879,17,18,1124,29,30,31,2416],"class_list":{"0":"post-160556","1":"post","2":"type-post","3":"status-publish","4":"format-standard","5":"has-post-thumbnail","7":"category-principais-noticias","8":"tag-amu00e9rica","9":"tag-breaking-news","10":"tag-breakingnews","11":"tag-estados-unidos-da-amu00e9rica","12":"tag-europa","13":"tag-featured-news","14":"tag-featurednews","15":"tag-guerra-na-ucru00e2nia","16":"tag-headlines","17":"tag-latest-news","18":"tag-latestnews","19":"tag-main-news","20":"tag-mainnews","21":"tag-mundo","22":"tag-news","23":"tag-noticias","24":"tag-noticias-principais","25":"tag-noticiasprincipais","26":"tag-portugal","27":"tag-principais-noticias","28":"tag-principaisnoticias","29":"tag-pt","30":"tag-ru00fassia","31":"tag-top-stories","32":"tag-topstories","33":"tag-ucru00e2nia","34":"tag-ultimas","35":"tag-ultimas-noticias","36":"tag-ultimasnoticias","37":"tag-volodymyr-zelensky"},"share_on_mastodon":{"url":"","error":"Validation failed: Text character limit of 500 exceeded"},"_links":{"self":[{"href":"https:\/\/www.europesays.com\/pt\/wp-json\/wp\/v2\/posts\/160556","targetHints":{"allow":["GET"]}}],"collection":[{"href":"https:\/\/www.europesays.com\/pt\/wp-json\/wp\/v2\/posts"}],"about":[{"href":"https:\/\/www.europesays.com\/pt\/wp-json\/wp\/v2\/types\/post"}],"author":[{"embeddable":true,"href":"https:\/\/www.europesays.com\/pt\/wp-json\/wp\/v2\/users\/2"}],"replies":[{"embeddable":true,"href":"https:\/\/www.europesays.com\/pt\/wp-json\/wp\/v2\/comments?post=160556"}],"version-history":[{"count":0,"href":"https:\/\/www.europesays.com\/pt\/wp-json\/wp\/v2\/posts\/160556\/revisions"}],"wp:featuredmedia":[{"embeddable":true,"href":"https:\/\/www.europesays.com\/pt\/wp-json\/wp\/v2\/media\/160557"}],"wp:attachment":[{"href":"https:\/\/www.europesays.com\/pt\/wp-json\/wp\/v2\/media?parent=160556"}],"wp:term":[{"taxonomy":"category","embeddable":true,"href":"https:\/\/www.europesays.com\/pt\/wp-json\/wp\/v2\/categories?post=160556"},{"taxonomy":"post_tag","embeddable":true,"href":"https:\/\/www.europesays.com\/pt\/wp-json\/wp\/v2\/tags?post=160556"}],"curies":[{"name":"wp","href":"https:\/\/api.w.org\/{rel}","templated":true}]}}