{"id":160558,"date":"2025-11-21T22:32:12","date_gmt":"2025-11-21T22:32:12","guid":{"rendered":"https:\/\/www.europesays.com\/pt\/160558\/"},"modified":"2025-11-21T22:32:12","modified_gmt":"2025-11-21T22:32:12","slug":"nao-tem-mais-o-que-fazer-vamos","status":"publish","type":"post","link":"https:\/\/www.europesays.com\/pt\/160558\/","title":{"rendered":"&#8216;N\u00e3o tem mais o que fazer, vamos\u2026&#8217;"},"content":{"rendered":"<p>\n                        Ticiane Pinheiro \u00e9 m\u00e3e de Manuella, de 6 anos, e de Rafaella, de 16.\n                    <\/p>\n<p><img loading=\"lazy\" decoding=\"async\" alt=\"Ticiane Pinheiro revela atitude ap\u00f3s n\u00e3o conseguir engravidar novamente de C\u00e9sar Tralli: \u2018N\u00e3o tem mais o que fazer, vamos\u2026\u2019.\" class=\"img-f0f2668fa0a93cf88e5543d891fde982tdkjgkxs\" height=\"455\" src=\"https:\/\/www.europesays.com\/pt\/wp-content\/uploads\/2025\/11\/575391310-7d0ebaf2f2e7b269-1400x823-2.png\"  title=\"Ticiane Pinheiro revela atitude ap\u00f3s n\u00e3o conseguir engravidar novamente de C\u00e9sar Tralli: \u2018N\u00e3o tem mais o que fazer, vamos\u2026\u2019.\" width=\"774\"\/><\/p>\n<p>Ticiane Pinheiro revela atitude ap\u00f3s n\u00e3o conseguir engravidar novamente de C\u00e9sar Tralli: \u2018N\u00e3o tem mais o que fazer, vamos\u2026\u2019.<\/p>\n<p>Foto: Reprodu\u00e7\u00e3o, Instagram \/ Purepeople<\/p>\n<p class=\"text\"><a href=\"https:\/\/www.purepeople.com.br\/famosos\/ticiane-pinheiro_p2507\" rel=\"nofollow noopener\" target=\"_blank\">Ticiane Pinheiro<\/a> fez uma revela\u00e7\u00e3o sobre a intimidade em entrevista \u00e0 revista Quem. A apresentadora, <a href=\"https:\/\/www.purepeople.com.br\/noticia\/fotos-de-ticiane-pinheiro-de-biquini-corpo-da-esposa-de-cesar-tralli-do-jornal-nacional-rende-elogios_a413431\/1\" rel=\"nofollow noopener\" target=\"_blank\">que, recentemente, arrancou suspiros ao aparecer s\u00f3 de biqu\u00edni vermelho<\/a>, conta que tentou engravidar novamente de <a href=\"https:\/\/www.purepeople.com.br\/famosos\/cesar-tralli_p3274\" rel=\"nofollow noopener\" target=\"_blank\">C\u00e9sar Tralli<\/a>, mas n\u00e3o aconteceu.<\/p>\n<p class=\"text\">&#8220;Eu queria muito, desde que a Manu tem 1 ano, a gente tentou muito. Como n\u00e3o veio, eu deixei nas m\u00e3os de Deus&#8221;, disse a estrela da Record TV.<\/p>\n<p class=\"text\">Al\u00e9m de Manuella, Ticiane tamb\u00e9m \u00e9 m\u00e3e de Rafaella Justus, <a href=\"https:\/\/www.purepeople.com.br\/noticia\/e-verdade-que-rafaella-justus-esta-namorando-filha-de-ticiane-pinheiro-expoe-presente-de-pessoa-especial_a413766\/1\" rel=\"nofollow noopener\" target=\"_blank\">que, recentemente, despertou rumores de namoro ap\u00f3s expor um buqu\u00ea de flores<\/a>. A apresentadora se mostra feliz e grata pela fam\u00edlia que construiu.<\/p>\n<p class=\"text\">&#8220;Eu j\u00e1 tenho duas filhas, que s\u00e3o super saud\u00e1veis, que me preenchem loucamente de amor. Mas como eu sou m\u00e3e leoa, eu gostaria de ter um monte de filhos. Minha m\u00e3e teve quatro, o C\u00e9sar nunca tinha tido filho, ent\u00e3o depois que veio a Manu, ele ficou empolgado em ter mais, s\u00f3 que realmente n\u00e3o veio.&#8221;<\/p>\n<p class=\"text\">Ap\u00f3s a desist\u00eancia dos planos de gravidez, Ticiane e C\u00e9sar decidiram adotar um mascote: Nutella, uma cadelinha da ra\u00e7a poodle toy. &#8220;Eu falei: &#8216;Bom, n\u00e3o tem mais o que fazer, vamos pegar um cachorro'&#8221;, conta a apresentadora.<\/p>\n<p>\n  TICIANE PINHEIRO SEGUE NA RECORD TV AT\u00c9 2028\n<\/p>\n<p class=\"text\"><a href=\"https:\/\/www.purepeople.com.br\/noticia\/ticiane-pinheiro-na-globo-apresentadora-pode-sair-da-record-apos-ida-de-cesar-tralli-para-o-jornal-nacional_a411058\/1\" rel=\"nofollow noopener\" target=\"_blank\">Nos \u00faltimos meses, Ticiane virou alvo de rumores de uma ida para a TV Globo<\/a>. Os boatos se intensificaram ainda mais quando <a href=\"https:\/\/www.purepeople.com.br\/noticia\/apos-globo-colocar-cesar-tralli-no-jornal-nacional-ticiane-pinheiro-revela-decisao-da-familia-sobre-mudanca_a411588\/1\" rel=\"nofollow noopener\" target=\"_blank\">C\u00e9sar Tralli foi confirmado como novo \u00e2ncora do &#8220;Jornal Nacional&#8221;, o que acarretou em uma mudan\u00e7a do jornalista para o Rio de Janeiro<\/a>. No entanto, n\u00e3o vai ser agora que a estrela do &#8220;Hoje em Dia&#8221; vai virar global.<\/p>\n<p class=\"text\">O contr&#8230;<\/p>\n<p class=\"text\"><a href=\"https:\/\/www.purepeople.com.br\/noticia\/ticiane-pinheiro-gravida-de-cesar-tralli-apresentadora-revela-atitude-surpreendente_a413808\/1\" rel=\"nofollow noopener\" target=\"_blank\">Veja mais<\/a><\/p>\n<p class=\"text\"><b>Mat\u00e9rias relacionadas<\/b><\/p>\n<p class=\"text\"><a href=\"https:\/\/www.purepeople.com.br\/noticia\/mais-mudancas-na-globo-saida-de-william-bonner-do-jornal-nacional-afeta-outros-jornais-e-marcelo-pereira-ganha-nova-promocao_a411090\/1\" rel=\"nofollow noopener\" target=\"_blank\">&#8216;Dan\u00e7a das cadeiras&#8217; n\u00e3o para na Globo! Ap\u00f3s troca de William Bonner por C\u00e9sar Tralli no &#8216;JN&#8217;, emissora revela mais mudan\u00e7as<\/a><\/p>\n<p class=\"text\"><a href=\"https:\/\/www.purepeople.com.br\/noticia\/apos-globo-colocar-cesar-tralli-no-jornal-nacional-ticiane-pinheiro-revela-decisao-da-familia-sobre-mudanca_a411588\/1\" rel=\"nofollow noopener\" target=\"_blank\">&#8216;\u00c9 muito dif\u00edcil falar&#8230;&#8217;: ap\u00f3s Globo colocar C\u00e9sar Tralli no &#8216;Jornal Nacional&#8217;, Ticiane Pinheiro revela decis\u00e3o da fam\u00edlia sobre mudan\u00e7a<\/a><\/p>\n<p class=\"text\"><a href=\"https:\/\/www.purepeople.com.br\/noticia\/ana-hickmann-pede-prisao-de-alexandre-correa-novamente-apos-atitude-polemica_a407578\/1\" rel=\"nofollow noopener\" target=\"_blank\">&#8216;Chora mis\u00e9ria&#8217;, &#8216;N\u00e3o paga porque n\u00e3o quer!&#8217;: a atitude de Alexandre Correa que levou Ana Hickmann a pedir pris\u00e3o do ex-marido novamente<\/a><\/p>\n<p class=\"text\"><a href=\"https:\/\/www.purepeople.com.br\/noticia\/casamento-da-filha-de-faustao-tem-inumeros-presentes-iguais-em-linda-atitude-de-lara-silva-do-marido-julinho-casares-e-dos-convidados-repassar_a411864\/1\" rel=\"nofollow noopener\" target=\"_blank\">Nem jogos de toalhas, nem itens de decora\u00e7\u00e3o: filha de Faust\u00e3o e marido revelam destino dos presentes de casamento ap\u00f3s linda atitude de convidados. &#8216;Vamos repassar&#8217;<\/a><\/p>\n<p class=\"text\"><a href=\"https:\/\/www.purepeople.com.br\/noticia\/ticiane-pinheiro-se-separou-mulher-de-cesar-tralli-pode-assinar-com-a-globo-apos-marido-assumir-lugar-de-william-bonner-no-jornal-nacional_a411049\/1\" rel=\"nofollow noopener\" target=\"_blank\">Com C\u00e9sar Tralli no &#8216;Jornal Nacional&#8217; ap\u00f3s sa\u00edda de William Bonner, Ticiane Pinheiro vai para a Globo e deixar a Record depois de 20 anos?<\/a><\/p>\n","protected":false},"excerpt":{"rendered":"Ticiane Pinheiro \u00e9 m\u00e3e de Manuella, de 6 anos, e de Rafaella, de 16. Ticiane Pinheiro revela atitude&hellip;\n","protected":false},"author":2,"featured_media":160559,"comment_status":"","ping_status":"","sticky":false,"template":"","format":"standard","meta":{"footnotes":""},"categories":[145],"tags":[211,210,114,115,32,33],"class_list":{"0":"post-160558","1":"post","2":"type-post","3":"status-publish","4":"format-standard","5":"has-post-thumbnail","7":"category-celebridades","8":"tag-celebridades","9":"tag-celebrities","10":"tag-entertainment","11":"tag-entretenimento","12":"tag-portugal","13":"tag-pt"},"share_on_mastodon":{"url":"https:\/\/pubeurope.com\/@pt\/115590066770421539","error":""},"_links":{"self":[{"href":"https:\/\/www.europesays.com\/pt\/wp-json\/wp\/v2\/posts\/160558","targetHints":{"allow":["GET"]}}],"collection":[{"href":"https:\/\/www.europesays.com\/pt\/wp-json\/wp\/v2\/posts"}],"about":[{"href":"https:\/\/www.europesays.com\/pt\/wp-json\/wp\/v2\/types\/post"}],"author":[{"embeddable":true,"href":"https:\/\/www.europesays.com\/pt\/wp-json\/wp\/v2\/users\/2"}],"replies":[{"embeddable":true,"href":"https:\/\/www.europesays.com\/pt\/wp-json\/wp\/v2\/comments?post=160558"}],"version-history":[{"count":0,"href":"https:\/\/www.europesays.com\/pt\/wp-json\/wp\/v2\/posts\/160558\/revisions"}],"wp:featuredmedia":[{"embeddable":true,"href":"https:\/\/www.europesays.com\/pt\/wp-json\/wp\/v2\/media\/160559"}],"wp:attachment":[{"href":"https:\/\/www.europesays.com\/pt\/wp-json\/wp\/v2\/media?parent=160558"}],"wp:term":[{"taxonomy":"category","embeddable":true,"href":"https:\/\/www.europesays.com\/pt\/wp-json\/wp\/v2\/categories?post=160558"},{"taxonomy":"post_tag","embeddable":true,"href":"https:\/\/www.europesays.com\/pt\/wp-json\/wp\/v2\/tags?post=160558"}],"curies":[{"name":"wp","href":"https:\/\/api.w.org\/{rel}","templated":true}]}}