{"id":160560,"date":"2025-11-21T22:35:10","date_gmt":"2025-11-21T22:35:10","guid":{"rendered":"https:\/\/www.europesays.com\/pt\/160560\/"},"modified":"2025-11-21T22:35:10","modified_gmt":"2025-11-21T22:35:10","slug":"larissa-manoela-presenteia-walcyr-carrasco-com-item-de-luxo-e-autor-reage-gratidao-e-ternura","status":"publish","type":"post","link":"https:\/\/www.europesays.com\/pt\/160560\/","title":{"rendered":"Larissa Manoela presenteia Walcyr Carrasco com\u00a0item de luxo e autor reage: &#8216;Gratid\u00e3o e ternura&#8217;"},"content":{"rendered":"<p id=\"paragrafo-ikbmtidngx\">\nO anivers\u00e1rio de Walcyr Carrasco ainda nem chegou, mas as comemora\u00e7\u00f5es j\u00e1 come\u00e7aram e em grande estilo. O autor de \u00cata Mundo Melhor! completa 74 anos no pr\u00f3ximo dia 1\u00aa de dezembro, mas ganhou um presente antecipado de ningu\u00e9m menos que Larissa Manoela, int\u00e9rprete de Estela na novela das 6. &gt;\n<\/p>\n<p id=\"paragrafo-7mx688cmjz\">\nA atriz enviou ao dramaturgo um porta-celular da grife italiana Prada, avaliado em R$ 9,6 mil no site oficial da marca. O mimo de luxo deixou Walcyr t\u00e3o encantado que ele fez quest\u00e3o de gravar um v\u00eddeo mostrando o acess\u00f3rio e agradecendo publicamente.&gt;\n<\/p>\n<p id=\"paragrafo-khkhtli940\">\n\u201cAmigos, vejam que bolsa linda a Larissa Manoela me mandou de anivers\u00e1rio. Muito obrigado, n\u00e3o s\u00f3 pelo presente, como pela gentileza e por lembrar de mim. Beij\u00e3o!\u201d, disse o escritor, exibindo o item com sorriso largo.&gt;\n<\/p>\n<p id=\"paragrafo-31tsgh9ch1\">\nLarissa respondeu carinhosa nos coment\u00e1rios:\u00a0\u201cCom todo o amor para voc\u00ea. Use muitooooo!\u201d&gt;\n<\/p>\n<p id=\"paragrafo-m6u1w1ci9k\">\nO gesto atencioso n\u00e3o passou despercebido pelos seguidores e por outros famosos, que aproveitaram o post para desejar felicidades ao autor. Eliana se adiantou e escreveu: \u201cFeliz anivers\u00e1rio, amor e muita sa\u00fade\u201d. O ator Matheus Rocha tamb\u00e9m deixou seu recado: \u201cFeliz anivers\u00e1rio, meu amigo\u201d.&gt;\n<\/p>\n<p id=\"paragrafo-m5oy14vocx\">\nNos coment\u00e1rios, f\u00e3s comemoraram a troca de carinho entre autor e atriz, e muitos destacaram o clima de amizade que nasceu nos bastidores da trama. \u201cTudo de mais maravilhoso na sua vida sempre\u201d, escreveu um admirador.&gt;<\/p>\n","protected":false},"excerpt":{"rendered":"O anivers\u00e1rio de Walcyr Carrasco ainda nem chegou, mas as comemora\u00e7\u00f5es j\u00e1 come\u00e7aram e em grande estilo. O&hellip;\n","protected":false},"author":2,"featured_media":160561,"comment_status":"","ping_status":"","sticky":false,"template":"","format":"standard","meta":{"footnotes":""},"categories":[142],"tags":[114,115,32,33,151],"class_list":{"0":"post-160560","1":"post","2":"type-post","3":"status-publish","4":"format-standard","5":"has-post-thumbnail","7":"category-tv","8":"tag-entertainment","9":"tag-entretenimento","10":"tag-portugal","11":"tag-pt","12":"tag-tv"},"share_on_mastodon":{"url":"https:\/\/pubeurope.com\/@pt\/115590078334156647","error":""},"_links":{"self":[{"href":"https:\/\/www.europesays.com\/pt\/wp-json\/wp\/v2\/posts\/160560","targetHints":{"allow":["GET"]}}],"collection":[{"href":"https:\/\/www.europesays.com\/pt\/wp-json\/wp\/v2\/posts"}],"about":[{"href":"https:\/\/www.europesays.com\/pt\/wp-json\/wp\/v2\/types\/post"}],"author":[{"embeddable":true,"href":"https:\/\/www.europesays.com\/pt\/wp-json\/wp\/v2\/users\/2"}],"replies":[{"embeddable":true,"href":"https:\/\/www.europesays.com\/pt\/wp-json\/wp\/v2\/comments?post=160560"}],"version-history":[{"count":0,"href":"https:\/\/www.europesays.com\/pt\/wp-json\/wp\/v2\/posts\/160560\/revisions"}],"wp:featuredmedia":[{"embeddable":true,"href":"https:\/\/www.europesays.com\/pt\/wp-json\/wp\/v2\/media\/160561"}],"wp:attachment":[{"href":"https:\/\/www.europesays.com\/pt\/wp-json\/wp\/v2\/media?parent=160560"}],"wp:term":[{"taxonomy":"category","embeddable":true,"href":"https:\/\/www.europesays.com\/pt\/wp-json\/wp\/v2\/categories?post=160560"},{"taxonomy":"post_tag","embeddable":true,"href":"https:\/\/www.europesays.com\/pt\/wp-json\/wp\/v2\/tags?post=160560"}],"curies":[{"name":"wp","href":"https:\/\/api.w.org\/{rel}","templated":true}]}}