{"id":160581,"date":"2025-11-21T22:52:12","date_gmt":"2025-11-21T22:52:12","guid":{"rendered":"https:\/\/www.europesays.com\/pt\/160581\/"},"modified":"2025-11-21T22:52:12","modified_gmt":"2025-11-21T22:52:12","slug":"destruicao-final-2-filme-com-gerard-butler-ganha-novos-posteres","status":"publish","type":"post","link":"https:\/\/www.europesays.com\/pt\/160581\/","title":{"rendered":"Destrui\u00e7\u00e3o Final 2 | Filme com Gerard Butler ganha novos p\u00f4steres"},"content":{"rendered":"<p>  <img decoding=\"async\" src=\"https:\/\/cdn.ome.lt\/static\/omelete\/img\/loading.svg\" alt=\"\"\/><\/p>\n<p>  <img decoding=\"async\" class=\"article__cover__image\" data-lazy-src-mob=\"\/\/cdn.ome.lt\/6KBCH8swbTktYwBwt_uPs2GUCNc=\/570x0\/smart\/filters:format(webp)\/uploads\/conteudo\/fotos\/Unknown_b689d4.webp\" data-lazy-src=\"https:\/\/cdn.ome.lt\/dxHg4uaZeSlMSyQETHo-yPRuf3w=\/987x0\/smart\/filters:format(webp)\/uploads\/conteudo\/fotos\/Unknown_b689d4.webp\" src=\"data:image\/png;base64,iVBORw0KGgoAAAANSUhEUgAAAAEAAAABCAQAAAC1HAwCAAAAC0lEQVR42mNkYAAAAAYAAjCB0C8AAAAASUVORK5CYII=\" alt=\"Destrui\u00e7\u00e3o Final 2\" title=\"Destrui\u00e7\u00e3o Final 2\" width=\"987\" height=\"555\" fetchpriority=\"high\"\/><\/p>\n<p class=\"article__cover__credits\">\n  Cr\u00e9ditos da imagem:<br \/>\n  Reprodu\u00e7\u00e3o\n<\/p>\n<p>Um novo clipe de\u00a0<strong>Destrui\u00e7\u00e3o Final 2\u00a0<\/strong>foi revelado na \u00faltima quinta-feira (20), e, al\u00e9m disso, novos p\u00f4steres do longa foram revelados, mostrando os cen\u00e1rios destru\u00eddos.<\/p>\n<p>Entre os lugares, est\u00e3o algumas cidades como Los Angeles, Nova Iorque, Filad\u00e9lfia, Dallas, Atlanta, S\u00e3o Francisco e Chicago. Em cada imagem, \u00e9 poss\u00edvel ver pontos tur\u00edsticos como a Est\u00e1tua da Liberdade, a Ponte Golden Gate, o Observat\u00f3rio Griffith e outros.\u00a0<\/p>\n<p>            Continua depois da Publicidade<\/p>\n<p>            Continua depois da Publicidade<\/p>\n<p>    <strong>Tudo sobre Destrui\u00e7\u00e3o Final 2<\/strong><\/p>\n<p>A continua\u00e7\u00e3o de\u00a0<strong>Destrui\u00e7\u00e3o Final<\/strong>\u00a0chega em 5 de fevereiro de 2026. O longa da\u00a0<strong>Lionsgate\u00a0<\/strong>segue\u00a0a hist\u00f3ria ap\u00f3s a queda de um cometa que dizima boa parte da terra, o longa segue a fam\u00edlia Garrity em uma aventura.\u00a0Interpretados por\u00a0<strong>Gerard Butler<\/strong>,\u00a0<strong>Morena Baccarin\u00a0<\/strong>e\u00a0<strong>Roman Griffith Davis<\/strong>, agora, a fam\u00edlia deve sair do seu bunker na Groenl\u00e2ndia para atravessar um mundo fragmentado em busca de uma nova casa.\u00a0<\/p>\n<p>Al\u00e9m da fam\u00edlia, o longa tamb\u00e9m conta com\u00a0<strong>Amber Rose Revah, Sophie Thompson, Trond Fausa Aurv\u00e5g and William Abadie. The film is directed by Ric Roman Waugh, written by Mitchell LaFortune and Chris Sparling, and produced by Butler, Waugh, Basil Iwanyk, Erica Lee, Alan Siegel, S\u00e9bastien Raybaud, John Zois\u00a0<\/strong>e\u00a0<strong>Brendon Boyea<\/strong>.\u00a0<\/p>\n<p>O filme \u00e9 uma sequ\u00eancia do longa de 2022,\u00a0Destrui\u00e7\u00e3o Final: O \u00daltimo Ref\u00fagio,\u00a0de 2020, estrelado por Butler e Baccarin como um casal que tem um filho diab\u00e9tico, Nathan, enquanto fogem para se salvar de um cometa prestes a colidir com a terra.\u00a0<\/p>\n<p>            Continua depois da Publicidade<\/p>\n","protected":false},"excerpt":{"rendered":"Cr\u00e9ditos da imagem: Reprodu\u00e7\u00e3o Um novo clipe de\u00a0Destrui\u00e7\u00e3o Final 2\u00a0foi revelado na \u00faltima quinta-feira (20), e, al\u00e9m disso,&hellip;\n","protected":false},"author":2,"featured_media":160582,"comment_status":"","ping_status":"","sticky":false,"template":"","format":"standard","meta":{"footnotes":""},"categories":[140],"tags":[114,115,147,148,146,32,33],"class_list":{"0":"post-160581","1":"post","2":"type-post","3":"status-publish","4":"format-standard","5":"has-post-thumbnail","7":"category-filmes","8":"tag-entertainment","9":"tag-entretenimento","10":"tag-film","11":"tag-filmes","12":"tag-movies","13":"tag-portugal","14":"tag-pt"},"share_on_mastodon":{"url":"https:\/\/pubeurope.com\/@pt\/115590145471015987","error":""},"_links":{"self":[{"href":"https:\/\/www.europesays.com\/pt\/wp-json\/wp\/v2\/posts\/160581","targetHints":{"allow":["GET"]}}],"collection":[{"href":"https:\/\/www.europesays.com\/pt\/wp-json\/wp\/v2\/posts"}],"about":[{"href":"https:\/\/www.europesays.com\/pt\/wp-json\/wp\/v2\/types\/post"}],"author":[{"embeddable":true,"href":"https:\/\/www.europesays.com\/pt\/wp-json\/wp\/v2\/users\/2"}],"replies":[{"embeddable":true,"href":"https:\/\/www.europesays.com\/pt\/wp-json\/wp\/v2\/comments?post=160581"}],"version-history":[{"count":0,"href":"https:\/\/www.europesays.com\/pt\/wp-json\/wp\/v2\/posts\/160581\/revisions"}],"wp:featuredmedia":[{"embeddable":true,"href":"https:\/\/www.europesays.com\/pt\/wp-json\/wp\/v2\/media\/160582"}],"wp:attachment":[{"href":"https:\/\/www.europesays.com\/pt\/wp-json\/wp\/v2\/media?parent=160581"}],"wp:term":[{"taxonomy":"category","embeddable":true,"href":"https:\/\/www.europesays.com\/pt\/wp-json\/wp\/v2\/categories?post=160581"},{"taxonomy":"post_tag","embeddable":true,"href":"https:\/\/www.europesays.com\/pt\/wp-json\/wp\/v2\/tags?post=160581"}],"curies":[{"name":"wp","href":"https:\/\/api.w.org\/{rel}","templated":true}]}}