{"id":160603,"date":"2025-11-21T23:13:10","date_gmt":"2025-11-21T23:13:10","guid":{"rendered":"https:\/\/www.europesays.com\/pt\/160603\/"},"modified":"2025-11-21T23:13:10","modified_gmt":"2025-11-21T23:13:10","slug":"agencia-lusa-passa-a-ser-100-detida-pelo-estado-e-novo-modelo-de-governacao-concluido","status":"publish","type":"post","link":"https:\/\/www.europesays.com\/pt\/160603\/","title":{"rendered":"Ag\u00eancia Lusa passa a ser 100% detida pelo Estado e novo modelo de governa\u00e7\u00e3o conclu\u00eddo"},"content":{"rendered":"<p>&#13;<br \/>\n(em atualiza\u00e7\u00e3o)&#13;\n<\/p>\n<p>&#8220;Atrav\u00e9s da Entidade do Tesouro e Finan\u00e7as, foram adquiridas 58 mil a\u00e7\u00f5es da Lusa a 2,50 euros cada, at\u00e9 agora detidas pela NP &#8211; Not\u00edcias de Portugal, Cooperativa de Utentes de Servi\u00e7os de Informa\u00e7\u00e3o, CRL&#8221;, refere o Minist\u00e9rio da Presid\u00eancia, em comunicado, adiantando que esta compra &#8220;sucede \u00e0 aquisi\u00e7\u00e3o, tamb\u00e9m j\u00e1 executada, da participa\u00e7\u00e3o que era detida pela RTP&#8221;.<\/p>\n<p>O Estado &#8220;det\u00e9m agora 2.129.690 a\u00e7\u00f5es, a totalidade do capital social da Lusa, que representa o montante global de 5,3 milh\u00f5es de euros&#8221;, ficando assim &#8220;conclu\u00edda a medida #7 do Plano de A\u00e7\u00e3o para a Comunica\u00e7\u00e3o Social (PACS)&#8221;, acrescenta.<\/p>\n<p>Os ministros de Estado e das Finan\u00e7as e da Presid\u00eancia aprovaram um projeto de novos estatutos da Lusa &#8220;que altera o modelo de governa\u00e7\u00e3o&#8221; da empresa, &#8220;com vista a refor\u00e7ar a sua capacidade e agilidade executiva, bem como a independ\u00eancia da atividade informativa e noticiosa da ag\u00eancia face aos poderes pol\u00edticos, econ\u00f3micos, sociais e desportivos&#8221;, l\u00ea-se no comunicado, que adianta que h\u00e1 reuni\u00f5es para a pr\u00f3xima semana.<\/p>\n<p>&#8220;Est\u00e3o marcadas reuni\u00f5es com o Conselho de Administra\u00e7\u00e3o, a Dire\u00e7\u00e3o de Informa\u00e7\u00e3o e a Comiss\u00e3o de Trabalhadores da Lusa, assim como a ERC [Entidade Reguladora para a Comunica\u00e7\u00e3o Social], para troca de impress\u00f5es sobre o novo modelo&#8221;, as quais &#8220;decorrer\u00e3o no dia 26 de novembro, previamente \u00e0 delibera\u00e7\u00e3o acionista de aprova\u00e7\u00e3o dos estatutos&#8221;.<\/p>\n<p>O Governo sublinha que &#8220;esta iniciativa concretiza a medida #8 do PACS&#8221;.<br \/>&#13;<br \/>\n&#13;<\/p>\n","protected":false},"excerpt":{"rendered":"&#13; (em atualiza\u00e7\u00e3o)&#13; &#8220;Atrav\u00e9s da Entidade do Tesouro e Finan\u00e7as, foram adquiridas 58 mil a\u00e7\u00f5es da Lusa a&hellip;\n","protected":false},"author":2,"featured_media":160604,"comment_status":"","ping_status":"","sticky":false,"template":"","format":"standard","meta":{"footnotes":""},"categories":[10],"tags":[27,28,15,16,14,25,26,21,22,12,13,19,20,32,23,24,33,420,421,17,18,29,30,31],"class_list":{"0":"post-160603","1":"post","2":"type-post","3":"status-publish","4":"format-standard","5":"has-post-thumbnail","7":"category-portugal","8":"tag-breaking-news","9":"tag-breakingnews","10":"tag-featured-news","11":"tag-featurednews","12":"tag-headlines","13":"tag-latest-news","14":"tag-latestnews","15":"tag-main-news","16":"tag-mainnews","17":"tag-news","18":"tag-noticias","19":"tag-noticias-principais","20":"tag-noticiasprincipais","21":"tag-portugal","22":"tag-principais-noticias","23":"tag-principaisnoticias","24":"tag-pt","25":"tag-rtp","26":"tag-rtp-noticias","27":"tag-top-stories","28":"tag-topstories","29":"tag-ultimas","30":"tag-ultimas-noticias","31":"tag-ultimasnoticias"},"share_on_mastodon":{"url":"https:\/\/pubeurope.com\/@pt\/115590227721832739","error":""},"_links":{"self":[{"href":"https:\/\/www.europesays.com\/pt\/wp-json\/wp\/v2\/posts\/160603","targetHints":{"allow":["GET"]}}],"collection":[{"href":"https:\/\/www.europesays.com\/pt\/wp-json\/wp\/v2\/posts"}],"about":[{"href":"https:\/\/www.europesays.com\/pt\/wp-json\/wp\/v2\/types\/post"}],"author":[{"embeddable":true,"href":"https:\/\/www.europesays.com\/pt\/wp-json\/wp\/v2\/users\/2"}],"replies":[{"embeddable":true,"href":"https:\/\/www.europesays.com\/pt\/wp-json\/wp\/v2\/comments?post=160603"}],"version-history":[{"count":0,"href":"https:\/\/www.europesays.com\/pt\/wp-json\/wp\/v2\/posts\/160603\/revisions"}],"wp:featuredmedia":[{"embeddable":true,"href":"https:\/\/www.europesays.com\/pt\/wp-json\/wp\/v2\/media\/160604"}],"wp:attachment":[{"href":"https:\/\/www.europesays.com\/pt\/wp-json\/wp\/v2\/media?parent=160603"}],"wp:term":[{"taxonomy":"category","embeddable":true,"href":"https:\/\/www.europesays.com\/pt\/wp-json\/wp\/v2\/categories?post=160603"},{"taxonomy":"post_tag","embeddable":true,"href":"https:\/\/www.europesays.com\/pt\/wp-json\/wp\/v2\/tags?post=160603"}],"curies":[{"name":"wp","href":"https:\/\/api.w.org\/{rel}","templated":true}]}}