{"id":160605,"date":"2025-11-21T23:15:13","date_gmt":"2025-11-21T23:15:13","guid":{"rendered":"https:\/\/www.europesays.com\/pt\/160605\/"},"modified":"2025-11-21T23:15:13","modified_gmt":"2025-11-21T23:15:13","slug":"morreu-o-ator-canadiano-spencer-lofranco-tinha-33-anos","status":"publish","type":"post","link":"https:\/\/www.europesays.com\/pt\/160605\/","title":{"rendered":"Morreu o ator canadiano Spencer Lofranco, tinha 33 anos"},"content":{"rendered":"<p>O ator Spencer Lofranco, conhecido pelo papel principal em Jamesy Boy, faleceu a 18 de novembro, na Col\u00fambia Brit\u00e2nica, Canad\u00e1, aos 33 anos. A causa da morte est\u00e1 a ser investigada pelas autoridades.<\/p>\n<p>A not\u00edcia foi partilhada pelo irm\u00e3o, Santino Lofranco, nas redes sociais, lembrando que Spencer \u201cmudou a vida de muitas pessoas\u201d. Natural de Toronto, o ator estudou representa\u00e7\u00e3o na New York Film Academy e iniciou a carreira com 17 anos, influenciado pela m\u00e3e atriz, cantora e bailarina.<\/p>\n<p>Entre 2013 e 2018, participou em sete filmes, incluindo Um Novo Amor (2023), Invenc\u00edvel (2024), King Cobra (2016) e Gotti \u2013 Um Verdadeiro Padrinho Americano (2018). Destacou-se pelos pap\u00e9is em Jamesy Boy e Gotti, e trabalhou com Angelina Jolie em Invenc\u00edvel.<\/p>\n<p>Nos \u00faltimos anos, Lofranco afastou-se da representa\u00e7\u00e3o, mudou-se para perto da praia, passou a vender arte e adotou o apelido art\u00edstico \u201cFire\u201d. A sua \u00faltima publica\u00e7\u00e3o no Instagram foi a 11 de novembro, mostrando que estava a retirar uma tatuagem no rosto.<\/p>\n<p>\t\t<img decoding=\"async\" src=\"https:\/\/www.europesays.com\/pt\/wp-content\/uploads\/2025\/11\/1763766913_164_thumbs.web.sapo.io\"  loading=\"true\"\/><\/p>\n","protected":false},"excerpt":{"rendered":"O ator Spencer Lofranco, conhecido pelo papel principal em Jamesy Boy, faleceu a 18 de novembro, na Col\u00fambia&hellip;\n","protected":false},"author":2,"featured_media":160606,"comment_status":"","ping_status":"","sticky":false,"template":"","format":"standard","meta":{"footnotes":""},"categories":[145],"tags":[211,210,114,115,32,33],"class_list":{"0":"post-160605","1":"post","2":"type-post","3":"status-publish","4":"format-standard","5":"has-post-thumbnail","7":"category-celebridades","8":"tag-celebridades","9":"tag-celebrities","10":"tag-entertainment","11":"tag-entretenimento","12":"tag-portugal","13":"tag-pt"},"share_on_mastodon":{"url":"https:\/\/pubeurope.com\/@pt\/115590235930901441","error":""},"_links":{"self":[{"href":"https:\/\/www.europesays.com\/pt\/wp-json\/wp\/v2\/posts\/160605","targetHints":{"allow":["GET"]}}],"collection":[{"href":"https:\/\/www.europesays.com\/pt\/wp-json\/wp\/v2\/posts"}],"about":[{"href":"https:\/\/www.europesays.com\/pt\/wp-json\/wp\/v2\/types\/post"}],"author":[{"embeddable":true,"href":"https:\/\/www.europesays.com\/pt\/wp-json\/wp\/v2\/users\/2"}],"replies":[{"embeddable":true,"href":"https:\/\/www.europesays.com\/pt\/wp-json\/wp\/v2\/comments?post=160605"}],"version-history":[{"count":0,"href":"https:\/\/www.europesays.com\/pt\/wp-json\/wp\/v2\/posts\/160605\/revisions"}],"wp:featuredmedia":[{"embeddable":true,"href":"https:\/\/www.europesays.com\/pt\/wp-json\/wp\/v2\/media\/160606"}],"wp:attachment":[{"href":"https:\/\/www.europesays.com\/pt\/wp-json\/wp\/v2\/media?parent=160605"}],"wp:term":[{"taxonomy":"category","embeddable":true,"href":"https:\/\/www.europesays.com\/pt\/wp-json\/wp\/v2\/categories?post=160605"},{"taxonomy":"post_tag","embeddable":true,"href":"https:\/\/www.europesays.com\/pt\/wp-json\/wp\/v2\/tags?post=160605"}],"curies":[{"name":"wp","href":"https:\/\/api.w.org\/{rel}","templated":true}]}}