{"id":160607,"date":"2025-11-21T23:18:14","date_gmt":"2025-11-21T23:18:14","guid":{"rendered":"https:\/\/www.europesays.com\/pt\/160607\/"},"modified":"2025-11-21T23:18:14","modified_gmt":"2025-11-21T23:18:14","slug":"ex-bbb-volta-a-vender-doces-na-internet-e-ataca-haters-voce-e-burro","status":"publish","type":"post","link":"https:\/\/www.europesays.com\/pt\/160607\/","title":{"rendered":"Ex-BBB volta a vender doces na internet e ataca haters: &#8216;voc\u00ea \u00e9 burro&#8217;"},"content":{"rendered":"\n<p>Participante do BBB24, Raquele Cardozo voltou a empreender ao reativar a marca Doces da Raquele. Em um post em seu Instagram, ela atacou quem a criticou por empreender.<\/p>\n<p>&#8220;Voc\u00ea \u00e9 burro. Se voc\u00ea comenta esse tipo de coisa, voc\u00ea \u00e9 burro. Vou continuar cantando, aperfei\u00e7oando minha voz, fazendo publicidade. S\u00f3 que agora eu sou empreendedora. S\u00f3 voltei a fazer aquilo que eu fazia. Sou dona da minha pr\u00f3pria marca&#8221;, falou.<\/p>\n<p>&#8220;O que eu fiz \u00e9 para quem tem coragem. N\u00e3o \u00e9 para qualquer um. O problema \u00e9 eu colocar o link para vender meus doces ou \u00e9 voc\u00ea ver gente como eu vencendo? Sou mulher preta, do interior, que nunca aceitou o lugar que tentaram me dar&#8221;, completou.<\/p>\n<p>Nas mensagens exibidas por Raquele, algumas pessoas xingam a ex-BBB a chamando de &#8216;feia, insuport\u00e1vel e chata&#8217;. Algumas pessoas lembram que ela brigou com Davi Brito, vencedor do reality, na casa tamb\u00e9m.<\/p>\n<p>Nomes como Lucas Buda, tamb\u00e9m ex-participante do reality show, comentaram o post apoiando a iniciativa.<\/p>\n","protected":false},"excerpt":{"rendered":"Participante do BBB24, Raquele Cardozo voltou a empreender ao reativar a marca Doces da Raquele. Em um post&hellip;\n","protected":false},"author":2,"featured_media":160608,"comment_status":"","ping_status":"","sticky":false,"template":"","format":"standard","meta":{"footnotes":""},"categories":[142],"tags":[34157,16317,16807,34156,16999,955,9911,22551,30564,114,115,21425,24487,1015,10762,5659,595,3968,32,10799,33,550,34094,151,6813],"class_list":{"0":"post-160607","1":"post","2":"type-post","3":"status-publish","4":"format-standard","5":"has-post-thumbnail","7":"category-tv","8":"tag-bbb24","9":"tag-brito","10":"tag-buda","11":"tag-cardozo","12":"tag-coragem","13":"tag-critica","14":"tag-davi","15":"tag-doces","16":"tag-empreender","17":"tag-entertainment","18":"tag-entretenimento","19":"tag-ex-bbb","20":"tag-iniciativa","21":"tag-instagram","22":"tag-interior","23":"tag-lucas","24":"tag-marca","25":"tag-mulher","26":"tag-portugal","27":"tag-preta","28":"tag-pt","29":"tag-publicidade","30":"tag-raquele","31":"tag-tv","32":"tag-vencedor"},"share_on_mastodon":{"url":"https:\/\/pubeurope.com\/@pt\/115590247439500017","error":""},"_links":{"self":[{"href":"https:\/\/www.europesays.com\/pt\/wp-json\/wp\/v2\/posts\/160607","targetHints":{"allow":["GET"]}}],"collection":[{"href":"https:\/\/www.europesays.com\/pt\/wp-json\/wp\/v2\/posts"}],"about":[{"href":"https:\/\/www.europesays.com\/pt\/wp-json\/wp\/v2\/types\/post"}],"author":[{"embeddable":true,"href":"https:\/\/www.europesays.com\/pt\/wp-json\/wp\/v2\/users\/2"}],"replies":[{"embeddable":true,"href":"https:\/\/www.europesays.com\/pt\/wp-json\/wp\/v2\/comments?post=160607"}],"version-history":[{"count":0,"href":"https:\/\/www.europesays.com\/pt\/wp-json\/wp\/v2\/posts\/160607\/revisions"}],"wp:featuredmedia":[{"embeddable":true,"href":"https:\/\/www.europesays.com\/pt\/wp-json\/wp\/v2\/media\/160608"}],"wp:attachment":[{"href":"https:\/\/www.europesays.com\/pt\/wp-json\/wp\/v2\/media?parent=160607"}],"wp:term":[{"taxonomy":"category","embeddable":true,"href":"https:\/\/www.europesays.com\/pt\/wp-json\/wp\/v2\/categories?post=160607"},{"taxonomy":"post_tag","embeddable":true,"href":"https:\/\/www.europesays.com\/pt\/wp-json\/wp\/v2\/tags?post=160607"}],"curies":[{"name":"wp","href":"https:\/\/api.w.org\/{rel}","templated":true}]}}