{"id":160623,"date":"2025-11-21T23:32:24","date_gmt":"2025-11-21T23:32:24","guid":{"rendered":"https:\/\/www.europesays.com\/pt\/160623\/"},"modified":"2025-11-21T23:32:24","modified_gmt":"2025-11-21T23:32:24","slug":"casados-a-primeira-vista-finalmente-ha-acordo-entre-rafaela-resende-e-carlos-castanheira-e-o-dia-mais-feliz","status":"publish","type":"post","link":"https:\/\/www.europesays.com\/pt\/160623\/","title":{"rendered":"Casados \u00e0 Primeira Vista &#8211; Finalmente h\u00e1 \u2018acordo\u2019 entre Rafaela Resende e Carlos Castanheira: &#8220;\u00c9 o dia mais feliz&#8230;&#8221;"},"content":{"rendered":"<p><strong>Rafaela Resende<\/strong> dos Casados \u00e0 Primeira Vista, fez uma declara\u00e7\u00e3o contundente esta quinta-feira, dia 20 de novembro, anunciou que est\u00e1 finalmente divorciada de <strong>Carlos Castanheira<\/strong>.<\/p>\n<p>O div\u00f3rcio deu-se cinco meses ap\u00f3s o enlace na experi\u00eancia social da SIC. A maquilhadora anunciou nas redes sociais, o fim oficial do casamento, erguendo um papel. Papel este que corresponder\u00e1 \u00e0 documenta\u00e7\u00e3o que oficializa a separa\u00e7\u00e3o dos dois.<\/p>\n<p>Rafaela partilhou nos stories de Instagram: <b>\u201cQuando vos disserem que o dia do div\u00f3rcio \u00e9 um dia triste, mostrem-lhes o meu exemplo\u201d, <\/b>e acrecentou <b>\u201cHoje foi o dia mais feliz da minha vida at\u00e9 ent\u00e3o.\u201d<\/b><\/p>\n<blockquote>\n<\/blockquote>\n<p>A rela\u00e7\u00e3o da maquilhadora com Carlos Castanheira foi sempre sendo marcada no programa por desentendimento entre os dois. Ainda que tenham sido o pen\u00faltimo casal a entrar na temporada, acabaram por decidir abandonar antes do final das grava\u00e7\u00f5es: apenas um m\u00eas depois de se unirem.<\/p>\n<p>Texto: Reda\u00e7\u00e3o VIP; Fotos: Redes Sociais;<\/p>\n","protected":false},"excerpt":{"rendered":"Rafaela Resende dos Casados \u00e0 Primeira Vista, fez uma declara\u00e7\u00e3o contundente esta quinta-feira, dia 20 de novembro, anunciou&hellip;\n","protected":false},"author":2,"featured_media":160624,"comment_status":"","ping_status":"","sticky":false,"template":"","format":"standard","meta":{"footnotes":""},"categories":[142],"tags":[114,115,32,33,151],"class_list":{"0":"post-160623","1":"post","2":"type-post","3":"status-publish","4":"format-standard","5":"has-post-thumbnail","7":"category-tv","8":"tag-entertainment","9":"tag-entretenimento","10":"tag-portugal","11":"tag-pt","12":"tag-tv"},"share_on_mastodon":{"url":"https:\/\/pubeurope.com\/@pt\/115590302466403150","error":""},"_links":{"self":[{"href":"https:\/\/www.europesays.com\/pt\/wp-json\/wp\/v2\/posts\/160623","targetHints":{"allow":["GET"]}}],"collection":[{"href":"https:\/\/www.europesays.com\/pt\/wp-json\/wp\/v2\/posts"}],"about":[{"href":"https:\/\/www.europesays.com\/pt\/wp-json\/wp\/v2\/types\/post"}],"author":[{"embeddable":true,"href":"https:\/\/www.europesays.com\/pt\/wp-json\/wp\/v2\/users\/2"}],"replies":[{"embeddable":true,"href":"https:\/\/www.europesays.com\/pt\/wp-json\/wp\/v2\/comments?post=160623"}],"version-history":[{"count":0,"href":"https:\/\/www.europesays.com\/pt\/wp-json\/wp\/v2\/posts\/160623\/revisions"}],"wp:featuredmedia":[{"embeddable":true,"href":"https:\/\/www.europesays.com\/pt\/wp-json\/wp\/v2\/media\/160624"}],"wp:attachment":[{"href":"https:\/\/www.europesays.com\/pt\/wp-json\/wp\/v2\/media?parent=160623"}],"wp:term":[{"taxonomy":"category","embeddable":true,"href":"https:\/\/www.europesays.com\/pt\/wp-json\/wp\/v2\/categories?post=160623"},{"taxonomy":"post_tag","embeddable":true,"href":"https:\/\/www.europesays.com\/pt\/wp-json\/wp\/v2\/tags?post=160623"}],"curies":[{"name":"wp","href":"https:\/\/api.w.org\/{rel}","templated":true}]}}