{"id":160639,"date":"2025-11-21T23:52:13","date_gmt":"2025-11-21T23:52:13","guid":{"rendered":"https:\/\/www.europesays.com\/pt\/160639\/"},"modified":"2025-11-21T23:52:13","modified_gmt":"2025-11-21T23:52:13","slug":"resumo-de-dona-de-mim-de-1-a-6-de-dezembro-tem-armacao-e-internacao-forcada-gshow","status":"publish","type":"post","link":"https:\/\/www.europesays.com\/pt\/160639\/","title":{"rendered":"Resumo de Dona de Mim de 1 a 6 de dezembro tem arma\u00e7\u00e3o e interna\u00e7\u00e3o for\u00e7ada &#8211; Gshow"},"content":{"rendered":"<ol>\n<li><a href=\"https:\/\/news.google.com\/rss\/articles\/CBMirgFBVV95cUxOakdDLUdhSDdxSGI1amZTLVJpZWlzZm4zaXlidHE3Sm9sZkZiSktyUEV1TnU1R1pRcTg3NzB5X0FHVkZLZ1c1QUVWXzdRa0ZtbDJNWEFub1d1UTdjbV9rOXdaNlNOZzk2Q1Zmb0QyVEdySzdIaUhCaXZacVdmTmNxUF9mTk01REpkLWNXS2lSSGdTdTZVeUtYd21zeVVnYm11Q3QtcnA0amQ3amJHWFHSAbwBQVVfeXFMTmpTWGNHYzJUQ2VwVUQ1dUN6Ul90YzBDcjdlM05uMjVmUjBZWW5Ra19UdkZJeVZqdHk0aE5VejhqVU1iZHNHbGF2b3J5eVBqVGtUS2lNOVd4MHhXcEdKWFRBNHowMnZaTlFCaXByeVprSFpuQVFUZ09qNFM0VjZINW9aeXFPRy1xeGh4SVM1YWdNRzUwX2g0RDZXZU4ydXQ3Q1d3M1BGRGw1WmZPOFR4M2RvQU9QOVNHZkNKeEQ?oc=5\" target=\"_blank\" rel=\"nofollow noopener\">Resumo de Dona de Mim de 1 a 6 de dezembro tem arma\u00e7\u00e3o e interna\u00e7\u00e3o for\u00e7ada<\/a>&nbsp;&nbsp;Gshow<\/li>\n<li><a href=\"https:\/\/news.google.com\/rss\/articles\/CBMiogFBVV95cUxQUmZkMGFYM1lmd1NQUkZEbU5abEgyZDlnSVVYcW0yXzVRRDFKbUVnd2RRUDdidVZoRjNRNnNvTnRQMXB2WmpGaGg1R1JRVnJ0VExtUGNQVkpZMWwxbjFQbHZ6aU5vTUFiczA0M1JSaHpLTkxWS2dmNmpJTjJZaG5IcHBway1EdjlSWVdSLXkwbHJjQ0VBRm1Lc2FVbVhpbHVzVnc?oc=5\" target=\"_blank\" rel=\"nofollow noopener\">Dona de Mim: Rosa se defende das novas arma\u00e7\u00f5es de Jaques<\/a>&nbsp;&nbsp;OFuxico<\/li>\n<li><a href=\"https:\/\/news.google.com\/rss\/articles\/CBMiygFBVV95cUxNZ1ozWF83RVVNYjFFdTZlbDRCLXhfOWxBQ2NkUGo2a0I4bFFhcWhvMEZhM1RCa2trenhoeU4yTGkzT2t4Qm1yV2h2dUp5anRvUWJoclpoSUFudmNNMVdMQWtsSXIyVE0xaHlDNzJMVHpQZEM0VmxGSUVPWHlMVVN4WGg1MGU4OVgyaGxzdG93TjM5aWQya3AwWGlmMzN2OHR4VTh4aVQ2dzFaWEpzdmk3OC1QUnFvX05nWE45djRIQkVZYWVEeXhMVkN3?oc=5\" target=\"_blank\" rel=\"nofollow noopener\">Dona de Mim: Rosa se revolta, chama pol\u00edcia e acaba com maldade de Jaques<\/a>&nbsp;&nbsp;natelinha.uol.com.br<\/li>\n<li><a href=\"https:\/\/news.google.com\/rss\/articles\/CBMiwwFBVV95cUxPTzc0ZXBhT0sxZld1S3pzMjRPUHJDVV9NYi1Wenh0cFBWa1ZYVW9YNGRBZ0hYZjJLTUpVU3A4eVFkWU5pUUhQOHBXcDdpWF90a1NTNTUwaHRvRWVrUGsxc3JUZjRCdHFZY3FqR3dlcWRvVDhIVFVPOUhScTRfVTlOZUJxLWhqRklmZVBsYUVBMTYyTEFRWTNiSHBNUTdCTHM2TU1wX29fV1JPaFN5M25Ld2pvd293aTBIY3RNOFhDbjJSdWc?oc=5\" target=\"_blank\" rel=\"nofollow noopener\">Sofia comemora a mudan\u00e7a de Filipa. Saiba o que vai acontecer em Dona de Mim nesta quinta-feira<\/a>&nbsp;&nbsp;Estrelando<\/li>\n<li><a href=\"https:\/\/news.google.com\/rss\/articles\/CBMirwFBVV95cUxORjZlRXpWV0k2YURlTVA2UHZ2VUpFLVlyQUV4SjQ3cl8wckVxVjJlckJrZW9NSnNNUi0zc3hHZDVsRVlxQ1hMMll4UENoZkZBbWJYdER4QkRCUGpJZkU3TzNNWndiRWQzbThTNXhfdGRTRWpZWnFUbHM0eV9wRVpZcjN1SmhpVGltMFpCNzN5MDdfR0JSeG1IbDNRazV6SFA3eWlKUXBCOHdLWU1RVGRn0gG3AUFVX3lxTE9XLXpPaVlGYThSWTNhZklsYWs2ZktRUEdITldrdGlYWEQzQVNVVVZTanhhbHY4SHJDYVFTeTdqR2ctTE94Z2VxTlJYN295QkxLRnhYTENSQ2tVLXUtbUxaNmNWRVJGaHZfODRPSU5HYlVwVXJGT3F3UjZwN0c5ZzRQREw2SVBaaEdodTBhd25heEQwWDVqNFFVbk9DOEkzODRCRXR2WF9XRWN3cGlDbUgtblVVbmVTTQ?oc=5\" target=\"_blank\" rel=\"nofollow noopener\">Dona de Mim: Rosa teme pelo pior ap\u00f3s sequestro articulado por Jaques &#8211; iBahia<\/a>&nbsp;&nbsp;iBahia<\/li>\n<\/ol>\n","protected":false},"excerpt":{"rendered":"Resumo de Dona de Mim de 1 a 6 de dezembro tem arma\u00e7\u00e3o e interna\u00e7\u00e3o for\u00e7ada&nbsp;&nbsp;Gshow Dona de&hellip;\n","protected":false},"author":2,"featured_media":160640,"comment_status":"","ping_status":"","sticky":false,"template":"","format":"standard","meta":{"footnotes":""},"categories":[142],"tags":[114,115,32,33,151],"class_list":{"0":"post-160639","1":"post","2":"type-post","3":"status-publish","4":"format-standard","5":"has-post-thumbnail","7":"category-tv","8":"tag-entertainment","9":"tag-entretenimento","10":"tag-portugal","11":"tag-pt","12":"tag-tv"},"share_on_mastodon":{"url":"https:\/\/pubeurope.com\/@pt\/115590381189456006","error":""},"_links":{"self":[{"href":"https:\/\/www.europesays.com\/pt\/wp-json\/wp\/v2\/posts\/160639","targetHints":{"allow":["GET"]}}],"collection":[{"href":"https:\/\/www.europesays.com\/pt\/wp-json\/wp\/v2\/posts"}],"about":[{"href":"https:\/\/www.europesays.com\/pt\/wp-json\/wp\/v2\/types\/post"}],"author":[{"embeddable":true,"href":"https:\/\/www.europesays.com\/pt\/wp-json\/wp\/v2\/users\/2"}],"replies":[{"embeddable":true,"href":"https:\/\/www.europesays.com\/pt\/wp-json\/wp\/v2\/comments?post=160639"}],"version-history":[{"count":0,"href":"https:\/\/www.europesays.com\/pt\/wp-json\/wp\/v2\/posts\/160639\/revisions"}],"wp:featuredmedia":[{"embeddable":true,"href":"https:\/\/www.europesays.com\/pt\/wp-json\/wp\/v2\/media\/160640"}],"wp:attachment":[{"href":"https:\/\/www.europesays.com\/pt\/wp-json\/wp\/v2\/media?parent=160639"}],"wp:term":[{"taxonomy":"category","embeddable":true,"href":"https:\/\/www.europesays.com\/pt\/wp-json\/wp\/v2\/categories?post=160639"},{"taxonomy":"post_tag","embeddable":true,"href":"https:\/\/www.europesays.com\/pt\/wp-json\/wp\/v2\/tags?post=160639"}],"curies":[{"name":"wp","href":"https:\/\/api.w.org\/{rel}","templated":true}]}}